{"id":12701,"date":"2020-07-11T05:45:00","date_gmt":"2020-07-11T05:45:00","guid":{"rendered":"http:\/\/www.iglesiamontededios.org.do\/deboras\/?p=12701"},"modified":"2020-07-08T12:55:31","modified_gmt":"2020-07-08T12:55:31","slug":"nous-devons-prendre-des-decisions-et-commencer-a-etre-de-bons-administrateurs","status":"publish","type":"post","link":"https:\/\/www.iglesiamontededios.org.do\/deboras\/nous-devons-prendre-des-decisions-et-commencer-a-etre-de-bons-administrateurs\/","title":{"rendered":"Nous devons prendre des d\u00e9cisions et commencer \u00e0 \u00eatre de bons administrateurs"},"content":{"rendered":"<p>[vc_row][vc_column width=\u00bb2\/3&#8243;][vc_column_text]<strong><img loading=\"lazy\" class=\"alignnone wp-image-9071\" src=\"https:\/\/www.iglesiamontededios.org.do\/deboras\/wp-content\/uploads\/2018\/10\/arte-de-Devocional-frances-300x107.png\" alt=\"\" width=\"547\" height=\"195\" srcset=\"https:\/\/www.iglesiamontededios.org.do\/deboras\/wp-content\/uploads\/2018\/10\/arte-de-Devocional-frances-300x107.png 300w, https:\/\/www.iglesiamontededios.org.do\/deboras\/wp-content\/uploads\/2018\/10\/arte-de-Devocional-frances-768x273.png 768w, https:\/\/www.iglesiamontededios.org.do\/deboras\/wp-content\/uploads\/2018\/10\/arte-de-Devocional-frances-1024x364.png 1024w\" sizes=\"(max-width: 547px) 100vw, 547px\" \/><\/strong><\/p>\n<p><strong>Mais, si Dieu a donne\u0301 a\u0300 un homme des richesses et des biens, s&#8217;il l&#8217;a rendu mai\u0302tre d&#8217;en manger, d&#8217;en prendre sa part, et de se re\u0301jouir au milieu de son travail, c&#8217;est la\u0300 un don de Dieu. Eccle\u0301siaste 5 :19<\/strong><\/p>\n<p>Quand nous voyons que nous ne sommes pas Be\u0301ne\u0301dicte nous avons a\u0300 nous arre\u0302ter et demander au Dieu un discernement pour voir ce quoi succe\u0300de. Cela ne veut pas dire qu&#8217;Il n&#8217;est pas en trains de nous Be\u0301ne\u0301dicte, mais par une administration mauvaise dans l&#8217;usage de nos revenus nous ne pouvons pas voir le miracle financier.<\/p>\n<p>Dieu peut nous Be\u0301ne\u0301dicte et c&#8217;est son de\u0301sir mais, jusqu&#8217;a\u0300 nous prenions le contro\u0302le de nos frais, nous vivrons toujours dans une pre\u0301carite\u0301. Ce n&#8217;est pas un proble\u0300me de l&#8217;ennemi; il est le no\u0302tre apre\u0300s ne pas avoir un domaine pour ne de\u0301penser plus que nous pouvons.<\/p>\n<p>Nous avons a\u0300 prendre des de\u0301cisions et a\u0300 commencer a\u0300 e\u0302tre bons administrateurs, sans nous permettre de porter par les de\u0301sirs d&#8217;acheter les choses qui ne sont pas ne\u0301cessaires, mais que sont des de\u0301sirs irre\u0301pressibles pour concourir ou pre\u0301tendre.<\/p>\n<p>Nous savons que, de suivre tel les finances du Re\u0300gne, n\u2019arriveront pas, parce que nous ne saurons pas utiliser de celles-ci. Il donne des richesses et les biens auxquels Il a forme\u0301; cela est, a\u0300 qu&#8217;ils connaissent la valeur de savoir manier les biens sans gaspiller et sans de\u0301penser, parce qu&#8217;ils entendent que sa fontaine provient du Ciel, et on lui doit honneur.<\/p>\n<p>[\/vc_column_text][vc_empty_space height=\u00bb52px\u00bb][vc_row_inner][vc_column_inner width=\u00bb1\/2&#8243;][vc_single_image image=\u00bb9146&#8243; img_size=\u00bbmedium\u00bb onclick=\u00bbcustom_link\u00bb img_link_target=\u00bb_blank\u00bb link=\u00bbhttps:\/\/www.iglesiamontededios.org.do\/deboras\/devocional-diario\/\u00bb][\/vc_column_inner][vc_column_inner width=\u00bb1\/2&#8243;][vc_single_image image=\u00bb9147&#8243; img_size=\u00bbmedium\u00bb onclick=\u00bbcustom_link\u00bb img_link_target=\u00bb_blank\u00bb link=\u00bbhttps:\/\/www.iglesiamontededios.org.do\/deboras\/devotion-quotidienne\/\u00bb][\/vc_column_inner][\/vc_row_inner][\/vc_column][vc_column width=\u00bb1\/3&#8243;][vc_widget_sidebar sidebar_id=\u00bbside_frances\u00bb][\/vc_column][\/vc_row]<\/p>\n","protected":false},"excerpt":{"rendered":"<p>[vc_row][vc_column width=\u00bb2\/3&#8243;][vc_column_text] Mais, si Dieu a donne\u0301 a\u0300 un homme des richesses et des biens, s&#8217;il l&#8217;a rendu mai\u0302tre d&#8217;en manger, d&#8217;en prendre sa part, et de se re\u0301jouir au milieu de son travail, c&#8217;est la\u0300 un don de Dieu. [&hellip;]<\/p>\n","protected":false},"author":1,"featured_media":0,"comment_status":"open","ping_status":"open","sticky":false,"template":"","format":"standard","meta":[],"categories":[311],"tags":[],"yoast_head":"<!-- This site is optimized with the Yoast SEO plugin v19.11 - https:\/\/yoast.com\/wordpress\/plugins\/seo\/ -->\n<title>Nous devons prendre des d\u00e9cisions et commencer \u00e0 \u00eatre de bons administrateurs - D\u00e9boras Edificadoras del Reino<\/title>\n<meta name=\"robots\" content=\"index, follow, max-snippet:-1, max-image-preview:large, max-video-preview:-1\" \/>\n<link rel=\"canonical\" href=\"https:\/\/www.iglesiamontededios.org.do\/deboras\/nous-devons-prendre-des-decisions-et-commencer-a-etre-de-bons-administrateurs\/\" \/>\n<meta property=\"og:locale\" content=\"es_ES\" \/>\n<meta property=\"og:type\" content=\"article\" \/>\n<meta property=\"og:title\" content=\"Nous devons prendre des d\u00e9cisions et commencer \u00e0 \u00eatre de bons administrateurs - D\u00e9boras Edificadoras del Reino\" \/>\n<meta property=\"og:description\" content=\"[vc_row][vc_column width=\u00bb2\/3&#8243;][vc_column_text] Mais, si Dieu a donne\u0301 a\u0300 un homme des richesses et des biens, s&#8217;il l&#8217;a rendu mai\u0302tre d&#8217;en manger, d&#8217;en prendre sa part, et de se re\u0301jouir au milieu de son travail, c&#8217;est la\u0300 un don de Dieu. [&hellip;]\" \/>\n<meta property=\"og:url\" content=\"https:\/\/www.iglesiamontededios.org.do\/deboras\/nous-devons-prendre-des-decisions-et-commencer-a-etre-de-bons-administrateurs\/\" \/>\n<meta property=\"og:site_name\" content=\"D\u00e9boras Edificadoras del Reino\" \/>\n<meta property=\"article:publisher\" content=\"https:\/\/www.facebook.com\/PastoresBogaert\" \/>\n<meta property=\"article:published_time\" content=\"2020-07-11T05:45:00+00:00\" \/>\n<meta property=\"article:modified_time\" content=\"2020-07-08T12:55:31+00:00\" \/>\n<meta property=\"og:image\" content=\"http:\/\/www.iglesiamontededios.org.do\/deboras\/wp-content\/uploads\/2018\/10\/arte-de-Devocional-frances-300x107.png\" \/>\n<meta name=\"author\" content=\"deboras_admin\" \/>\n<meta name=\"twitter:card\" content=\"summary_large_image\" \/>\n<meta name=\"twitter:creator\" content=\"@PastoresBogaert\" \/>\n<meta name=\"twitter:site\" content=\"@PastoresBogaert\" \/>\n<meta name=\"twitter:label1\" content=\"Escrito por\" \/>\n\t<meta name=\"twitter:data1\" content=\"deboras_admin\" \/>\n\t<meta name=\"twitter:label2\" content=\"Tiempo de lectura\" \/>\n\t<meta name=\"twitter:data2\" content=\"2 minutos\" \/>\n<script type=\"application\/ld+json\" class=\"yoast-schema-graph\">{\"@context\":\"https:\/\/schema.org\",\"@graph\":[{\"@type\":\"Article\",\"@id\":\"https:\/\/www.iglesiamontededios.org.do\/deboras\/nous-devons-prendre-des-decisions-et-commencer-a-etre-de-bons-administrateurs\/#article\",\"isPartOf\":{\"@id\":\"https:\/\/www.iglesiamontededios.org.do\/deboras\/nous-devons-prendre-des-decisions-et-commencer-a-etre-de-bons-administrateurs\/\"},\"author\":{\"name\":\"deboras_admin\",\"@id\":\"https:\/\/www.iglesiamontededios.org.do\/deboras\/#\/schema\/person\/22ec2d06354eeca1921596aeb4042ba7\"},\"headline\":\"Nous devons prendre des d\u00e9cisions et commencer \u00e0 \u00eatre de bons administrateurs\",\"datePublished\":\"2020-07-11T05:45:00+00:00\",\"dateModified\":\"2020-07-08T12:55:31+00:00\",\"mainEntityOfPage\":{\"@id\":\"https:\/\/www.iglesiamontededios.org.do\/deboras\/nous-devons-prendre-des-decisions-et-commencer-a-etre-de-bons-administrateurs\/\"},\"wordCount\":380,\"commentCount\":0,\"publisher\":{\"@id\":\"https:\/\/www.iglesiamontededios.org.do\/deboras\/#organization\"},\"articleSection\":[\"Devfrances\"],\"inLanguage\":\"es\",\"potentialAction\":[{\"@type\":\"CommentAction\",\"name\":\"Comment\",\"target\":[\"https:\/\/www.iglesiamontededios.org.do\/deboras\/nous-devons-prendre-des-decisions-et-commencer-a-etre-de-bons-administrateurs\/#respond\"]}]},{\"@type\":\"WebPage\",\"@id\":\"https:\/\/www.iglesiamontededios.org.do\/deboras\/nous-devons-prendre-des-decisions-et-commencer-a-etre-de-bons-administrateurs\/\",\"url\":\"https:\/\/www.iglesiamontededios.org.do\/deboras\/nous-devons-prendre-des-decisions-et-commencer-a-etre-de-bons-administrateurs\/\",\"name\":\"Nous devons prendre des d\u00e9cisions et commencer \u00e0 \u00eatre de bons administrateurs - D\u00e9boras Edificadoras del Reino\",\"isPartOf\":{\"@id\":\"https:\/\/www.iglesiamontededios.org.do\/deboras\/#website\"},\"datePublished\":\"2020-07-11T05:45:00+00:00\",\"dateModified\":\"2020-07-08T12:55:31+00:00\",\"breadcrumb\":{\"@id\":\"https:\/\/www.iglesiamontededios.org.do\/deboras\/nous-devons-prendre-des-decisions-et-commencer-a-etre-de-bons-administrateurs\/#breadcrumb\"},\"inLanguage\":\"es\",\"potentialAction\":[{\"@type\":\"ReadAction\",\"target\":[\"https:\/\/www.iglesiamontededios.org.do\/deboras\/nous-devons-prendre-des-decisions-et-commencer-a-etre-de-bons-administrateurs\/\"]}]},{\"@type\":\"BreadcrumbList\",\"@id\":\"https:\/\/www.iglesiamontededios.org.do\/deboras\/nous-devons-prendre-des-decisions-et-commencer-a-etre-de-bons-administrateurs\/#breadcrumb\",\"itemListElement\":[{\"@type\":\"ListItem\",\"position\":1,\"name\":\"Portada\",\"item\":\"https:\/\/www.iglesiamontededios.org.do\/deboras\/\"},{\"@type\":\"ListItem\",\"position\":2,\"name\":\"Nous devons prendre des d\u00e9cisions et commencer \u00e0 \u00eatre de bons administrateurs\"}]},{\"@type\":\"WebSite\",\"@id\":\"https:\/\/www.iglesiamontededios.org.do\/deboras\/#website\",\"url\":\"https:\/\/www.iglesiamontededios.org.do\/deboras\/\",\"name\":\"D\u00e9boras Edificadoras del Reino\",\"description\":\"D\u00e9boras Iglesia Monte de Dios\",\"publisher\":{\"@id\":\"https:\/\/www.iglesiamontededios.org.do\/deboras\/#organization\"},\"potentialAction\":[{\"@type\":\"SearchAction\",\"target\":{\"@type\":\"EntryPoint\",\"urlTemplate\":\"https:\/\/www.iglesiamontededios.org.do\/deboras\/?s={search_term_string}\"},\"query-input\":\"required name=search_term_string\"}],\"inLanguage\":\"es\"},{\"@type\":\"Organization\",\"@id\":\"https:\/\/www.iglesiamontededios.org.do\/deboras\/#organization\",\"name\":\"Iglesia Monte de Dios\",\"url\":\"https:\/\/www.iglesiamontededios.org.do\/deboras\/\",\"logo\":{\"@type\":\"ImageObject\",\"inLanguage\":\"es\",\"@id\":\"https:\/\/www.iglesiamontededios.org.do\/deboras\/#\/schema\/logo\/image\/\",\"url\":\"https:\/\/www.iglesiamontededios.org.do\/deboras\/wp-content\/uploads\/2018\/12\/Deboras-Logo-2.png\",\"contentUrl\":\"https:\/\/www.iglesiamontededios.org.do\/deboras\/wp-content\/uploads\/2018\/12\/Deboras-Logo-2.png\",\"width\":620,\"height\":174,\"caption\":\"Iglesia Monte de Dios\"},\"image\":{\"@id\":\"https:\/\/www.iglesiamontededios.org.do\/deboras\/#\/schema\/logo\/image\/\"},\"sameAs\":[\"http:\/\/instagram.com\/pastoresbogaert\",\"http:\/\/www.youtube.com\/tvhorebministries\",\"https:\/\/www.facebook.com\/PastoresBogaert\",\"https:\/\/twitter.com\/PastoresBogaert\"]},{\"@type\":\"Person\",\"@id\":\"https:\/\/www.iglesiamontededios.org.do\/deboras\/#\/schema\/person\/22ec2d06354eeca1921596aeb4042ba7\",\"name\":\"deboras_admin\",\"image\":{\"@type\":\"ImageObject\",\"inLanguage\":\"es\",\"@id\":\"https:\/\/www.iglesiamontededios.org.do\/deboras\/#\/schema\/person\/image\/\",\"url\":\"https:\/\/secure.gravatar.com\/avatar\/2022049b1efdbc6a5e2f532d15a889a2?s=96&d=mm&r=g\",\"contentUrl\":\"https:\/\/secure.gravatar.com\/avatar\/2022049b1efdbc6a5e2f532d15a889a2?s=96&d=mm&r=g\",\"caption\":\"deboras_admin\"}}]}<\/script>\n<!-- \/ Yoast SEO plugin. -->","yoast_head_json":{"title":"Nous devons prendre des d\u00e9cisions et commencer \u00e0 \u00eatre de bons administrateurs - D\u00e9boras Edificadoras del Reino","robots":{"index":"index","follow":"follow","max-snippet":"max-snippet:-1","max-image-preview":"max-image-preview:large","max-video-preview":"max-video-preview:-1"},"canonical":"https:\/\/www.iglesiamontededios.org.do\/deboras\/nous-devons-prendre-des-decisions-et-commencer-a-etre-de-bons-administrateurs\/","og_locale":"es_ES","og_type":"article","og_title":"Nous devons prendre des d\u00e9cisions et commencer \u00e0 \u00eatre de bons administrateurs - D\u00e9boras Edificadoras del Reino","og_description":"[vc_row][vc_column width=\u00bb2\/3&#8243;][vc_column_text] Mais, si Dieu a donne\u0301 a\u0300 un homme des richesses et des biens, s&#8217;il l&#8217;a rendu mai\u0302tre d&#8217;en manger, d&#8217;en prendre sa part, et de se re\u0301jouir au milieu de son travail, c&#8217;est la\u0300 un don de Dieu. [&hellip;]","og_url":"https:\/\/www.iglesiamontededios.org.do\/deboras\/nous-devons-prendre-des-decisions-et-commencer-a-etre-de-bons-administrateurs\/","og_site_name":"D\u00e9boras Edificadoras del Reino","article_publisher":"https:\/\/www.facebook.com\/PastoresBogaert","article_published_time":"2020-07-11T05:45:00+00:00","article_modified_time":"2020-07-08T12:55:31+00:00","og_image":[{"url":"http:\/\/www.iglesiamontededios.org.do\/deboras\/wp-content\/uploads\/2018\/10\/arte-de-Devocional-frances-300x107.png"}],"author":"deboras_admin","twitter_card":"summary_large_image","twitter_creator":"@PastoresBogaert","twitter_site":"@PastoresBogaert","twitter_misc":{"Escrito por":"deboras_admin","Tiempo de lectura":"2 minutos"},"schema":{"@context":"https:\/\/schema.org","@graph":[{"@type":"Article","@id":"https:\/\/www.iglesiamontededios.org.do\/deboras\/nous-devons-prendre-des-decisions-et-commencer-a-etre-de-bons-administrateurs\/#article","isPartOf":{"@id":"https:\/\/www.iglesiamontededios.org.do\/deboras\/nous-devons-prendre-des-decisions-et-commencer-a-etre-de-bons-administrateurs\/"},"author":{"name":"deboras_admin","@id":"https:\/\/www.iglesiamontededios.org.do\/deboras\/#\/schema\/person\/22ec2d06354eeca1921596aeb4042ba7"},"headline":"Nous devons prendre des d\u00e9cisions et commencer \u00e0 \u00eatre de bons administrateurs","datePublished":"2020-07-11T05:45:00+00:00","dateModified":"2020-07-08T12:55:31+00:00","mainEntityOfPage":{"@id":"https:\/\/www.iglesiamontededios.org.do\/deboras\/nous-devons-prendre-des-decisions-et-commencer-a-etre-de-bons-administrateurs\/"},"wordCount":380,"commentCount":0,"publisher":{"@id":"https:\/\/www.iglesiamontededios.org.do\/deboras\/#organization"},"articleSection":["Devfrances"],"inLanguage":"es","potentialAction":[{"@type":"CommentAction","name":"Comment","target":["https:\/\/www.iglesiamontededios.org.do\/deboras\/nous-devons-prendre-des-decisions-et-commencer-a-etre-de-bons-administrateurs\/#respond"]}]},{"@type":"WebPage","@id":"https:\/\/www.iglesiamontededios.org.do\/deboras\/nous-devons-prendre-des-decisions-et-commencer-a-etre-de-bons-administrateurs\/","url":"https:\/\/www.iglesiamontededios.org.do\/deboras\/nous-devons-prendre-des-decisions-et-commencer-a-etre-de-bons-administrateurs\/","name":"Nous devons prendre des d\u00e9cisions et commencer \u00e0 \u00eatre de bons administrateurs - D\u00e9boras Edificadoras del Reino","isPartOf":{"@id":"https:\/\/www.iglesiamontededios.org.do\/deboras\/#website"},"datePublished":"2020-07-11T05:45:00+00:00","dateModified":"2020-07-08T12:55:31+00:00","breadcrumb":{"@id":"https:\/\/www.iglesiamontededios.org.do\/deboras\/nous-devons-prendre-des-decisions-et-commencer-a-etre-de-bons-administrateurs\/#breadcrumb"},"inLanguage":"es","potentialAction":[{"@type":"ReadAction","target":["https:\/\/www.iglesiamontededios.org.do\/deboras\/nous-devons-prendre-des-decisions-et-commencer-a-etre-de-bons-administrateurs\/"]}]},{"@type":"BreadcrumbList","@id":"https:\/\/www.iglesiamontededios.org.do\/deboras\/nous-devons-prendre-des-decisions-et-commencer-a-etre-de-bons-administrateurs\/#breadcrumb","itemListElement":[{"@type":"ListItem","position":1,"name":"Portada","item":"https:\/\/www.iglesiamontededios.org.do\/deboras\/"},{"@type":"ListItem","position":2,"name":"Nous devons prendre des d\u00e9cisions et commencer \u00e0 \u00eatre de bons administrateurs"}]},{"@type":"WebSite","@id":"https:\/\/www.iglesiamontededios.org.do\/deboras\/#website","url":"https:\/\/www.iglesiamontededios.org.do\/deboras\/","name":"D\u00e9boras Edificadoras del Reino","description":"D\u00e9boras Iglesia Monte de Dios","publisher":{"@id":"https:\/\/www.iglesiamontededios.org.do\/deboras\/#organization"},"potentialAction":[{"@type":"SearchAction","target":{"@type":"EntryPoint","urlTemplate":"https:\/\/www.iglesiamontededios.org.do\/deboras\/?s={search_term_string}"},"query-input":"required name=search_term_string"}],"inLanguage":"es"},{"@type":"Organization","@id":"https:\/\/www.iglesiamontededios.org.do\/deboras\/#organization","name":"Iglesia Monte de Dios","url":"https:\/\/www.iglesiamontededios.org.do\/deboras\/","logo":{"@type":"ImageObject","inLanguage":"es","@id":"https:\/\/www.iglesiamontededios.org.do\/deboras\/#\/schema\/logo\/image\/","url":"https:\/\/www.iglesiamontededios.org.do\/deboras\/wp-content\/uploads\/2018\/12\/Deboras-Logo-2.png","contentUrl":"https:\/\/www.iglesiamontededios.org.do\/deboras\/wp-content\/uploads\/2018\/12\/Deboras-Logo-2.png","width":620,"height":174,"caption":"Iglesia Monte de Dios"},"image":{"@id":"https:\/\/www.iglesiamontededios.org.do\/deboras\/#\/schema\/logo\/image\/"},"sameAs":["http:\/\/instagram.com\/pastoresbogaert","http:\/\/www.youtube.com\/tvhorebministries","https:\/\/www.facebook.com\/PastoresBogaert","https:\/\/twitter.com\/PastoresBogaert"]},{"@type":"Person","@id":"https:\/\/www.iglesiamontededios.org.do\/deboras\/#\/schema\/person\/22ec2d06354eeca1921596aeb4042ba7","name":"deboras_admin","image":{"@type":"ImageObject","inLanguage":"es","@id":"https:\/\/www.iglesiamontededios.org.do\/deboras\/#\/schema\/person\/image\/","url":"https:\/\/secure.gravatar.com\/avatar\/2022049b1efdbc6a5e2f532d15a889a2?s=96&d=mm&r=g","contentUrl":"https:\/\/secure.gravatar.com\/avatar\/2022049b1efdbc6a5e2f532d15a889a2?s=96&d=mm&r=g","caption":"deboras_admin"}}]}},"_links":{"self":[{"href":"https:\/\/www.iglesiamontededios.org.do\/deboras\/wp-json\/wp\/v2\/posts\/12701"}],"collection":[{"href":"https:\/\/www.iglesiamontededios.org.do\/deboras\/wp-json\/wp\/v2\/posts"}],"about":[{"href":"https:\/\/www.iglesiamontededios.org.do\/deboras\/wp-json\/wp\/v2\/types\/post"}],"author":[{"embeddable":true,"href":"https:\/\/www.iglesiamontededios.org.do\/deboras\/wp-json\/wp\/v2\/users\/1"}],"replies":[{"embeddable":true,"href":"https:\/\/www.iglesiamontededios.org.do\/deboras\/wp-json\/wp\/v2\/comments?post=12701"}],"version-history":[{"count":1,"href":"https:\/\/www.iglesiamontededios.org.do\/deboras\/wp-json\/wp\/v2\/posts\/12701\/revisions"}],"predecessor-version":[{"id":12702,"href":"https:\/\/www.iglesiamontededios.org.do\/deboras\/wp-json\/wp\/v2\/posts\/12701\/revisions\/12702"}],"wp:attachment":[{"href":"https:\/\/www.iglesiamontededios.org.do\/deboras\/wp-json\/wp\/v2\/media?parent=12701"}],"wp:term":[{"taxonomy":"category","embeddable":true,"href":"https:\/\/www.iglesiamontededios.org.do\/deboras\/wp-json\/wp\/v2\/categories?post=12701"},{"taxonomy":"post_tag","embeddable":true,"href":"https:\/\/www.iglesiamontededios.org.do\/deboras\/wp-json\/wp\/v2\/tags?post=12701"}],"curies":[{"name":"wp","href":"https:\/\/api.w.org\/{rel}","templated":true}]}}