{"id":20304,"date":"2023-12-22T05:45:59","date_gmt":"2023-12-22T05:45:59","guid":{"rendered":"https:\/\/www.iglesiamontededios.org.do\/deboras\/?p=20304"},"modified":"2023-12-19T15:09:00","modified_gmt":"2023-12-19T15:09:00","slug":"demontrons-la-terre-dans-laquelle-nous-avons-ete-plantes-5","status":"publish","type":"post","link":"https:\/\/www.iglesiamontededios.org.do\/deboras\/demontrons-la-terre-dans-laquelle-nous-avons-ete-plantes-5\/","title":{"rendered":"D\u00e9montrons la terre dans laquelle nous avons \u00e9t\u00e9 plant\u00e9s"},"content":{"rendered":"<p>[vc_row][vc_column width=\u00bb2\/3&#8243;][vc_column_text]<strong><img loading=\"lazy\" class=\"alignnone wp-image-9073\" src=\"https:\/\/www.iglesiamontededios.org.do\/deboras\/wp-content\/uploads\/2018\/10\/arte-de-Devocional-frances-768x273.png\" alt=\"\" width=\"547\" height=\"195\" \/><\/strong><\/\n\n<strong><strong>Il est comme un arbre plant\u00e9 pr\u00e8s des eaux, Et qui \u00e9tend ses racines vers le courant; Il n&#8217;aper\u00e7oit point la chaleur quand elle vient, Et son feuillage reste vert; Dans l&#8217;ann\u00e9e de la s\u00e9cheresse, il n&#8217;a point de crainte, Et il ne cesse de porter du fruit. J\u00e9r\u00e9mie 17:8<\/strong><\/p>\n<p>Quand nous voyons un arbre des fruits nous nous \u00e9tonnons et imm\u00e9diatement d\u00e9sirons manger de ceux-l\u00e0, pour d\u00e9guster cela que nos yeux voient et qu&#8217;est impossible qu&#8217;il passe inaper\u00e7u. La raison de sa beaut\u00e9 se sont les racines profondes, lesquelles se nourrissent du meilleur de la terre; parce qu&#8217;un arbre ne donnera jamais de fruits de cette qualit\u00e9 s\u2019il n&#8217;a pas approfondi ses racines, puisqu&#8217;il n&#8217;aura pas les composants pour cro\u00eetre.<\/p>\n<p>Ainsi c&#8217;est notre vie dans Christ. Soyez conform\u00e9ment de profondes nos racines dans le Seigneur, ainsi ce seront nos fruits. Par cela, nous ne pouvons pas nous mouvoir d&#8217;un c\u00f4t\u00e9 pour l&#8217;autre et en nous permettant d&#8217;affecter par les circonstances qui ne nous permettent pas de rester stables dans le lieu que Dieu a choisi pour que d\u00e9mos des fruits.<\/p>\n<p>Quand nos racines sont fortes ils pourront supporter des vents, des vagues, des orages, et ils ne nous affecteront pas. Nous continuerons de donner des fruits au milieu de ces conditions, \u00e0 lesquelles ne pourra pas r\u00e9sister n&#8217;importe lequel qui n&#8217;est pas bien plant\u00e9.<\/p>\n<p>D\u00e9montrons la terre dans laquelle nous avons \u00e9t\u00e9 plant\u00e9s, en donnant des fruits \u00e0 temps et \u00e0 contretemps, parce qu&#8217;Il nous nourrit, le Saint-Esprit, qui nous alimente pour que nos fruits soient app\u00e9tissants devant les yeux des autres.<\/p>\n<p>[\/vc_column_text][vc_empty_space height=\u00bb52px\u00bb][vc_row_inner][vc_column_inner width=\u00bb1\/2&#8243;][vc_single_image image=\u00bb9146&#8243; img_size=\u00bbmedium\u00bb onclick=\u00bbcustom_link\u00bb img_link_target=\u00bb_blank\u00bb link=\u00bbhttps:\/\/www.iglesiamontededios.org.do\/deboras\/devocional-diario\/\u00bb][\/vc_column_inner][vc_column_inner width=\u00bb1\/2&#8243;][vc_single_image image=\u00bb9147&#8243; img_size=\u00bbmedium\u00bb onclick=\u00bbcustom_link\u00bb img_link_target=\u00bb_blank\u00bb link=\u00bbhttps:\/\/www.iglesiamontededios.org.do\/deboras\/devotion-quotidienne\/\u00bb][\/vc_column_inner][\/vc_row_inner][\/vc_column][vc_column width=\u00bb1\/3&#8243;][vc_widget_sidebar sidebar_id=\u00bbside_ingles\u00bb][\/vc_column][\/vc_row]<\/p>\n","protected":false},"excerpt":{"rendered":"<p>[vc_row][vc_column width=\u00bb2\/3&#8243;][vc_column_text]<\/p>\n","protected":false},"author":1,"featured_media":0,"comment_status":"open","ping_status":"open","sticky":false,"template":"","format":"standard","meta":[],"categories":[1],"tags":[],"yoast_head":"<!-- This site is optimized with the Yoast SEO plugin v19.11 - https:\/\/yoast.com\/wordpress\/plugins\/seo\/ -->\n<title>D\u00e9montrons la terre dans laquelle nous avons \u00e9t\u00e9 plant\u00e9s - D\u00e9boras Edificadoras del Reino<\/title>\n<meta name=\"robots\" content=\"index, follow, max-snippet:-1, max-image-preview:large, max-video-preview:-1\" \/>\n<link rel=\"canonical\" href=\"https:\/\/www.iglesiamontededios.org.do\/deboras\/demontrons-la-terre-dans-laquelle-nous-avons-ete-plantes-5\/\" \/>\n<meta property=\"og:locale\" content=\"es_ES\" \/>\n<meta property=\"og:type\" content=\"article\" \/>\n<meta property=\"og:title\" content=\"D\u00e9montrons la terre dans laquelle nous avons \u00e9t\u00e9 plant\u00e9s - D\u00e9boras Edificadoras del Reino\" \/>\n<meta property=\"og:description\" content=\"[vc_row][vc_column width=\u00bb2\/3&#8243;][vc_column_text]\" \/>\n<meta property=\"og:url\" content=\"https:\/\/www.iglesiamontededios.org.do\/deboras\/demontrons-la-terre-dans-laquelle-nous-avons-ete-plantes-5\/\" \/>\n<meta property=\"og:site_name\" content=\"D\u00e9boras Edificadoras del Reino\" \/>\n<meta property=\"article:publisher\" content=\"https:\/\/www.facebook.com\/PastoresBogaert\" \/>\n<meta property=\"article:published_time\" content=\"2023-12-22T05:45:59+00:00\" \/>\n<meta property=\"article:modified_time\" content=\"2023-12-19T15:09:00+00:00\" \/>\n<meta property=\"og:image\" content=\"https:\/\/www.iglesiamontededios.org.do\/deboras\/wp-content\/uploads\/2018\/10\/arte-de-Devocional-frances-768x273.png\" \/>\n<meta name=\"author\" content=\"deboras_admin\" \/>\n<meta name=\"twitter:card\" content=\"summary_large_image\" \/>\n<meta name=\"twitter:creator\" content=\"@PastoresBogaert\" \/>\n<meta name=\"twitter:site\" content=\"@PastoresBogaert\" \/>\n<meta name=\"twitter:label1\" content=\"Escrito por\" \/>\n\t<meta name=\"twitter:data1\" content=\"deboras_admin\" \/>\n\t<meta name=\"twitter:label2\" content=\"Tiempo de lectura\" \/>\n\t<meta name=\"twitter:data2\" content=\"2 minutos\" \/>\n<script type=\"application\/ld+json\" class=\"yoast-schema-graph\">{\"@context\":\"https:\/\/schema.org\",\"@graph\":[{\"@type\":\"Article\",\"@id\":\"https:\/\/www.iglesiamontededios.org.do\/deboras\/demontrons-la-terre-dans-laquelle-nous-avons-ete-plantes-5\/#article\",\"isPartOf\":{\"@id\":\"https:\/\/www.iglesiamontededios.org.do\/deboras\/demontrons-la-terre-dans-laquelle-nous-avons-ete-plantes-5\/\"},\"author\":{\"name\":\"deboras_admin\",\"@id\":\"https:\/\/www.iglesiamontededios.org.do\/deboras\/#\/schema\/person\/22ec2d06354eeca1921596aeb4042ba7\"},\"headline\":\"D\u00e9montrons la terre dans laquelle nous avons \u00e9t\u00e9 plant\u00e9s\",\"datePublished\":\"2023-12-22T05:45:59+00:00\",\"dateModified\":\"2023-12-19T15:09:00+00:00\",\"mainEntityOfPage\":{\"@id\":\"https:\/\/www.iglesiamontededios.org.do\/deboras\/demontrons-la-terre-dans-laquelle-nous-avons-ete-plantes-5\/\"},\"wordCount\":19,\"commentCount\":0,\"publisher\":{\"@id\":\"https:\/\/www.iglesiamontededios.org.do\/deboras\/#organization\"},\"inLanguage\":\"es\",\"potentialAction\":[{\"@type\":\"CommentAction\",\"name\":\"Comment\",\"target\":[\"https:\/\/www.iglesiamontededios.org.do\/deboras\/demontrons-la-terre-dans-laquelle-nous-avons-ete-plantes-5\/#respond\"]}]},{\"@type\":\"WebPage\",\"@id\":\"https:\/\/www.iglesiamontededios.org.do\/deboras\/demontrons-la-terre-dans-laquelle-nous-avons-ete-plantes-5\/\",\"url\":\"https:\/\/www.iglesiamontededios.org.do\/deboras\/demontrons-la-terre-dans-laquelle-nous-avons-ete-plantes-5\/\",\"name\":\"D\u00e9montrons la terre dans laquelle nous avons \u00e9t\u00e9 plant\u00e9s - D\u00e9boras Edificadoras del Reino\",\"isPartOf\":{\"@id\":\"https:\/\/www.iglesiamontededios.org.do\/deboras\/#website\"},\"datePublished\":\"2023-12-22T05:45:59+00:00\",\"dateModified\":\"2023-12-19T15:09:00+00:00\",\"breadcrumb\":{\"@id\":\"https:\/\/www.iglesiamontededios.org.do\/deboras\/demontrons-la-terre-dans-laquelle-nous-avons-ete-plantes-5\/#breadcrumb\"},\"inLanguage\":\"es\",\"potentialAction\":[{\"@type\":\"ReadAction\",\"target\":[\"https:\/\/www.iglesiamontededios.org.do\/deboras\/demontrons-la-terre-dans-laquelle-nous-avons-ete-plantes-5\/\"]}]},{\"@type\":\"BreadcrumbList\",\"@id\":\"https:\/\/www.iglesiamontededios.org.do\/deboras\/demontrons-la-terre-dans-laquelle-nous-avons-ete-plantes-5\/#breadcrumb\",\"itemListElement\":[{\"@type\":\"ListItem\",\"position\":1,\"name\":\"Portada\",\"item\":\"https:\/\/www.iglesiamontededios.org.do\/deboras\/\"},{\"@type\":\"ListItem\",\"position\":2,\"name\":\"D\u00e9montrons la terre dans laquelle nous avons \u00e9t\u00e9 plant\u00e9s\"}]},{\"@type\":\"WebSite\",\"@id\":\"https:\/\/www.iglesiamontededios.org.do\/deboras\/#website\",\"url\":\"https:\/\/www.iglesiamontededios.org.do\/deboras\/\",\"name\":\"D\u00e9boras Edificadoras del Reino\",\"description\":\"D\u00e9boras Iglesia Monte de Dios\",\"publisher\":{\"@id\":\"https:\/\/www.iglesiamontededios.org.do\/deboras\/#organization\"},\"potentialAction\":[{\"@type\":\"SearchAction\",\"target\":{\"@type\":\"EntryPoint\",\"urlTemplate\":\"https:\/\/www.iglesiamontededios.org.do\/deboras\/?s={search_term_string}\"},\"query-input\":\"required name=search_term_string\"}],\"inLanguage\":\"es\"},{\"@type\":\"Organization\",\"@id\":\"https:\/\/www.iglesiamontededios.org.do\/deboras\/#organization\",\"name\":\"Iglesia Monte de Dios\",\"url\":\"https:\/\/www.iglesiamontededios.org.do\/deboras\/\",\"logo\":{\"@type\":\"ImageObject\",\"inLanguage\":\"es\",\"@id\":\"https:\/\/www.iglesiamontededios.org.do\/deboras\/#\/schema\/logo\/image\/\",\"url\":\"https:\/\/www.iglesiamontededios.org.do\/deboras\/wp-content\/uploads\/2018\/12\/Deboras-Logo-2.png\",\"contentUrl\":\"https:\/\/www.iglesiamontededios.org.do\/deboras\/wp-content\/uploads\/2018\/12\/Deboras-Logo-2.png\",\"width\":620,\"height\":174,\"caption\":\"Iglesia Monte de Dios\"},\"image\":{\"@id\":\"https:\/\/www.iglesiamontededios.org.do\/deboras\/#\/schema\/logo\/image\/\"},\"sameAs\":[\"http:\/\/instagram.com\/pastoresbogaert\",\"http:\/\/www.youtube.com\/tvhorebministries\",\"https:\/\/www.facebook.com\/PastoresBogaert\",\"https:\/\/twitter.com\/PastoresBogaert\"]},{\"@type\":\"Person\",\"@id\":\"https:\/\/www.iglesiamontededios.org.do\/deboras\/#\/schema\/person\/22ec2d06354eeca1921596aeb4042ba7\",\"name\":\"deboras_admin\",\"image\":{\"@type\":\"ImageObject\",\"inLanguage\":\"es\",\"@id\":\"https:\/\/www.iglesiamontededios.org.do\/deboras\/#\/schema\/person\/image\/\",\"url\":\"https:\/\/secure.gravatar.com\/avatar\/2022049b1efdbc6a5e2f532d15a889a2?s=96&d=mm&r=g\",\"contentUrl\":\"https:\/\/secure.gravatar.com\/avatar\/2022049b1efdbc6a5e2f532d15a889a2?s=96&d=mm&r=g\",\"caption\":\"deboras_admin\"}}]}<\/script>\n<!-- \/ Yoast SEO plugin. -->","yoast_head_json":{"title":"D\u00e9montrons la terre dans laquelle nous avons \u00e9t\u00e9 plant\u00e9s - D\u00e9boras Edificadoras del Reino","robots":{"index":"index","follow":"follow","max-snippet":"max-snippet:-1","max-image-preview":"max-image-preview:large","max-video-preview":"max-video-preview:-1"},"canonical":"https:\/\/www.iglesiamontededios.org.do\/deboras\/demontrons-la-terre-dans-laquelle-nous-avons-ete-plantes-5\/","og_locale":"es_ES","og_type":"article","og_title":"D\u00e9montrons la terre dans laquelle nous avons \u00e9t\u00e9 plant\u00e9s - D\u00e9boras Edificadoras del Reino","og_description":"[vc_row][vc_column width=\u00bb2\/3&#8243;][vc_column_text]","og_url":"https:\/\/www.iglesiamontededios.org.do\/deboras\/demontrons-la-terre-dans-laquelle-nous-avons-ete-plantes-5\/","og_site_name":"D\u00e9boras Edificadoras del Reino","article_publisher":"https:\/\/www.facebook.com\/PastoresBogaert","article_published_time":"2023-12-22T05:45:59+00:00","article_modified_time":"2023-12-19T15:09:00+00:00","og_image":[{"url":"https:\/\/www.iglesiamontededios.org.do\/deboras\/wp-content\/uploads\/2018\/10\/arte-de-Devocional-frances-768x273.png"}],"author":"deboras_admin","twitter_card":"summary_large_image","twitter_creator":"@PastoresBogaert","twitter_site":"@PastoresBogaert","twitter_misc":{"Escrito por":"deboras_admin","Tiempo de lectura":"2 minutos"},"schema":{"@context":"https:\/\/schema.org","@graph":[{"@type":"Article","@id":"https:\/\/www.iglesiamontededios.org.do\/deboras\/demontrons-la-terre-dans-laquelle-nous-avons-ete-plantes-5\/#article","isPartOf":{"@id":"https:\/\/www.iglesiamontededios.org.do\/deboras\/demontrons-la-terre-dans-laquelle-nous-avons-ete-plantes-5\/"},"author":{"name":"deboras_admin","@id":"https:\/\/www.iglesiamontededios.org.do\/deboras\/#\/schema\/person\/22ec2d06354eeca1921596aeb4042ba7"},"headline":"D\u00e9montrons la terre dans laquelle nous avons \u00e9t\u00e9 plant\u00e9s","datePublished":"2023-12-22T05:45:59+00:00","dateModified":"2023-12-19T15:09:00+00:00","mainEntityOfPage":{"@id":"https:\/\/www.iglesiamontededios.org.do\/deboras\/demontrons-la-terre-dans-laquelle-nous-avons-ete-plantes-5\/"},"wordCount":19,"commentCount":0,"publisher":{"@id":"https:\/\/www.iglesiamontededios.org.do\/deboras\/#organization"},"inLanguage":"es","potentialAction":[{"@type":"CommentAction","name":"Comment","target":["https:\/\/www.iglesiamontededios.org.do\/deboras\/demontrons-la-terre-dans-laquelle-nous-avons-ete-plantes-5\/#respond"]}]},{"@type":"WebPage","@id":"https:\/\/www.iglesiamontededios.org.do\/deboras\/demontrons-la-terre-dans-laquelle-nous-avons-ete-plantes-5\/","url":"https:\/\/www.iglesiamontededios.org.do\/deboras\/demontrons-la-terre-dans-laquelle-nous-avons-ete-plantes-5\/","name":"D\u00e9montrons la terre dans laquelle nous avons \u00e9t\u00e9 plant\u00e9s - D\u00e9boras Edificadoras del Reino","isPartOf":{"@id":"https:\/\/www.iglesiamontededios.org.do\/deboras\/#website"},"datePublished":"2023-12-22T05:45:59+00:00","dateModified":"2023-12-19T15:09:00+00:00","breadcrumb":{"@id":"https:\/\/www.iglesiamontededios.org.do\/deboras\/demontrons-la-terre-dans-laquelle-nous-avons-ete-plantes-5\/#breadcrumb"},"inLanguage":"es","potentialAction":[{"@type":"ReadAction","target":["https:\/\/www.iglesiamontededios.org.do\/deboras\/demontrons-la-terre-dans-laquelle-nous-avons-ete-plantes-5\/"]}]},{"@type":"BreadcrumbList","@id":"https:\/\/www.iglesiamontededios.org.do\/deboras\/demontrons-la-terre-dans-laquelle-nous-avons-ete-plantes-5\/#breadcrumb","itemListElement":[{"@type":"ListItem","position":1,"name":"Portada","item":"https:\/\/www.iglesiamontededios.org.do\/deboras\/"},{"@type":"ListItem","position":2,"name":"D\u00e9montrons la terre dans laquelle nous avons \u00e9t\u00e9 plant\u00e9s"}]},{"@type":"WebSite","@id":"https:\/\/www.iglesiamontededios.org.do\/deboras\/#website","url":"https:\/\/www.iglesiamontededios.org.do\/deboras\/","name":"D\u00e9boras Edificadoras del Reino","description":"D\u00e9boras Iglesia Monte de Dios","publisher":{"@id":"https:\/\/www.iglesiamontededios.org.do\/deboras\/#organization"},"potentialAction":[{"@type":"SearchAction","target":{"@type":"EntryPoint","urlTemplate":"https:\/\/www.iglesiamontededios.org.do\/deboras\/?s={search_term_string}"},"query-input":"required name=search_term_string"}],"inLanguage":"es"},{"@type":"Organization","@id":"https:\/\/www.iglesiamontededios.org.do\/deboras\/#organization","name":"Iglesia Monte de Dios","url":"https:\/\/www.iglesiamontededios.org.do\/deboras\/","logo":{"@type":"ImageObject","inLanguage":"es","@id":"https:\/\/www.iglesiamontededios.org.do\/deboras\/#\/schema\/logo\/image\/","url":"https:\/\/www.iglesiamontededios.org.do\/deboras\/wp-content\/uploads\/2018\/12\/Deboras-Logo-2.png","contentUrl":"https:\/\/www.iglesiamontededios.org.do\/deboras\/wp-content\/uploads\/2018\/12\/Deboras-Logo-2.png","width":620,"height":174,"caption":"Iglesia Monte de Dios"},"image":{"@id":"https:\/\/www.iglesiamontededios.org.do\/deboras\/#\/schema\/logo\/image\/"},"sameAs":["http:\/\/instagram.com\/pastoresbogaert","http:\/\/www.youtube.com\/tvhorebministries","https:\/\/www.facebook.com\/PastoresBogaert","https:\/\/twitter.com\/PastoresBogaert"]},{"@type":"Person","@id":"https:\/\/www.iglesiamontededios.org.do\/deboras\/#\/schema\/person\/22ec2d06354eeca1921596aeb4042ba7","name":"deboras_admin","image":{"@type":"ImageObject","inLanguage":"es","@id":"https:\/\/www.iglesiamontededios.org.do\/deboras\/#\/schema\/person\/image\/","url":"https:\/\/secure.gravatar.com\/avatar\/2022049b1efdbc6a5e2f532d15a889a2?s=96&d=mm&r=g","contentUrl":"https:\/\/secure.gravatar.com\/avatar\/2022049b1efdbc6a5e2f532d15a889a2?s=96&d=mm&r=g","caption":"deboras_admin"}}]}},"_links":{"self":[{"href":"https:\/\/www.iglesiamontededios.org.do\/deboras\/wp-json\/wp\/v2\/posts\/20304"}],"collection":[{"href":"https:\/\/www.iglesiamontededios.org.do\/deboras\/wp-json\/wp\/v2\/posts"}],"about":[{"href":"https:\/\/www.iglesiamontededios.org.do\/deboras\/wp-json\/wp\/v2\/types\/post"}],"author":[{"embeddable":true,"href":"https:\/\/www.iglesiamontededios.org.do\/deboras\/wp-json\/wp\/v2\/users\/1"}],"replies":[{"embeddable":true,"href":"https:\/\/www.iglesiamontededios.org.do\/deboras\/wp-json\/wp\/v2\/comments?post=20304"}],"version-history":[{"count":1,"href":"https:\/\/www.iglesiamontededios.org.do\/deboras\/wp-json\/wp\/v2\/posts\/20304\/revisions"}],"predecessor-version":[{"id":20306,"href":"https:\/\/www.iglesiamontededios.org.do\/deboras\/wp-json\/wp\/v2\/posts\/20304\/revisions\/20306"}],"wp:attachment":[{"href":"https:\/\/www.iglesiamontededios.org.do\/deboras\/wp-json\/wp\/v2\/media?parent=20304"}],"wp:term":[{"taxonomy":"category","embeddable":true,"href":"https:\/\/www.iglesiamontededios.org.do\/deboras\/wp-json\/wp\/v2\/categories?post=20304"},{"taxonomy":"post_tag","embeddable":true,"href":"https:\/\/www.iglesiamontededios.org.do\/deboras\/wp-json\/wp\/v2\/tags?post=20304"}],"curies":[{"name":"wp","href":"https:\/\/api.w.org\/{rel}","templated":true}]}}