{"id":20347,"date":"2023-12-28T05:45:37","date_gmt":"2023-12-28T05:45:37","guid":{"rendered":"https:\/\/www.iglesiamontededios.org.do\/deboras\/?p=20347"},"modified":"2023-12-27T22:22:55","modified_gmt":"2023-12-27T22:22:55","slug":"cest-le-temps-de-nous-lever-et-de-sortir-de-la-prison-4","status":"publish","type":"post","link":"https:\/\/www.iglesiamontededios.org.do\/deboras\/cest-le-temps-de-nous-lever-et-de-sortir-de-la-prison-4\/","title":{"rendered":"C&#8217;est le temps de nous lever et de sortir de la prison"},"content":{"rendered":"<p>[vc_row][vc_column width=\u00bb2\/3&#8243;][vc_column_text]<strong><img loading=\"lazy\" class=\"alignnone wp-image-9073\" src=\"https:\/\/www.iglesiamontededios.org.do\/deboras\/wp-content\/uploads\/2018\/10\/arte-de-Devocional-frances-768x273.png\" alt=\"\" width=\"547\" height=\"195\" \/><\/strong><\/\n\n<strong><strong>L&#8217;esprit du Seigneur, l&#8217;Eternel, est sur moi, Car l&#8217;Eternel m&#8217;a oint pour porter de bonnes nouvelles aux malheureux; Il m&#8217;a envoy\u00e9 pour gu\u00e9rir ceux qui ont le c\u0153ur bris\u00e9, Pour proclamer aux captifs la libert\u00e9, Et aux prisonniers la d\u00e9livrance. Esa\u00efe 61:1<\/strong><\/p>\n<p>C&#8217;est le temps de nous lever et de sortir de la prison o\u00f9 l&#8217;ennemi nous a enferm\u00e9s, puisque nous avons le pouvoir pour faire que les barreaux se brisent et restons libres des liens qu&#8217;ont emp\u00each\u00e9 que nous avan\u00e7ons dans le R\u00e8gne. Nous avons \u00e0 seulement activer le pouvoir salvatrice qui fait conform\u00e9ment notre foi, en d\u00e9clarant qu&#8217;un jour plus de barreaux en fer nous arr\u00eatent dans les chemins du Seigneur.<\/p>\n<p>Des prisons de douleur, de d\u00e9pression, de dette, de maladie, de divorce, de drogues, d&#8217;alcool, ils ont fait de la vie de plusieurs une d\u00e9pouille. Ils les laissent dans une obscurit\u00e9, o\u00f9 ils ne peuvent pas voir l&#8217;\u00e9clat de Son gloire.<\/p>\n<p>Mais la voix de l&#8217;Esprit, qui est dans notre c\u0153ur et personne ne peut arr\u00eater, implore : \u00ablib\u00e9rez :\u00bb, en nous montrant que ce n&#8217;est pas le lieu o\u00f9 nous devons \u00eatre. C&#8217;est pourquoi, nous ne pouvons pas avoir une attitude passive mais active, en d\u00e9clarant que la r\u00e9clusion a termin\u00e9 parce qu&#8217;il y a LIBERT\u00c9.<\/p>\n<p>[\/vc_column_text][vc_empty_space height=\u00bb52px\u00bb][vc_row_inner][vc_column_inner width=\u00bb1\/2&#8243;][vc_single_image image=\u00bb9146&#8243; img_size=\u00bbmedium\u00bb onclick=\u00bbcustom_link\u00bb img_link_target=\u00bb_blank\u00bb link=\u00bbhttps:\/\/www.iglesiamontededios.org.do\/deboras\/devocional-diario\/\u00bb][\/vc_column_inner][vc_column_inner width=\u00bb1\/2&#8243;][vc_single_image image=\u00bb9147&#8243; img_size=\u00bbmedium\u00bb onclick=\u00bbcustom_link\u00bb img_link_target=\u00bb_blank\u00bb link=\u00bbhttps:\/\/www.iglesiamontededios.org.do\/deboras\/devotion-quotidienne\/\u00bb][\/vc_column_inner][\/vc_row_inner][\/vc_column][vc_column width=\u00bb1\/3&#8243;][vc_widget_sidebar sidebar_id=\u00bbside_ingles\u00bb][\/vc_column][\/vc_row]<\/p>\n","protected":false},"excerpt":{"rendered":"<p>[vc_row][vc_column width=\u00bb2\/3&#8243;][vc_column_text]<\/p>\n","protected":false},"author":1,"featured_media":0,"comment_status":"open","ping_status":"open","sticky":false,"template":"","format":"standard","meta":[],"categories":[311],"tags":[],"yoast_head":"<!-- This site is optimized with the Yoast SEO plugin v19.11 - https:\/\/yoast.com\/wordpress\/plugins\/seo\/ -->\n<title>C&#039;est le temps de nous lever et de sortir de la prison - D\u00e9boras Edificadoras del Reino<\/title>\n<meta name=\"robots\" content=\"index, follow, max-snippet:-1, max-image-preview:large, max-video-preview:-1\" \/>\n<link rel=\"canonical\" href=\"https:\/\/www.iglesiamontededios.org.do\/deboras\/cest-le-temps-de-nous-lever-et-de-sortir-de-la-prison-4\/\" \/>\n<meta property=\"og:locale\" content=\"es_ES\" \/>\n<meta property=\"og:type\" content=\"article\" \/>\n<meta property=\"og:title\" content=\"C&#039;est le temps de nous lever et de sortir de la prison - D\u00e9boras Edificadoras del Reino\" \/>\n<meta property=\"og:description\" content=\"[vc_row][vc_column width=\u00bb2\/3&#8243;][vc_column_text]\" \/>\n<meta property=\"og:url\" content=\"https:\/\/www.iglesiamontededios.org.do\/deboras\/cest-le-temps-de-nous-lever-et-de-sortir-de-la-prison-4\/\" \/>\n<meta property=\"og:site_name\" content=\"D\u00e9boras Edificadoras del Reino\" \/>\n<meta property=\"article:publisher\" content=\"https:\/\/www.facebook.com\/PastoresBogaert\" \/>\n<meta property=\"article:published_time\" content=\"2023-12-28T05:45:37+00:00\" \/>\n<meta property=\"article:modified_time\" content=\"2023-12-27T22:22:55+00:00\" \/>\n<meta property=\"og:image\" content=\"https:\/\/www.iglesiamontededios.org.do\/deboras\/wp-content\/uploads\/2018\/10\/arte-de-Devocional-frances-768x273.png\" \/>\n<meta name=\"author\" content=\"deboras_admin\" \/>\n<meta name=\"twitter:card\" content=\"summary_large_image\" \/>\n<meta name=\"twitter:creator\" content=\"@PastoresBogaert\" \/>\n<meta name=\"twitter:site\" content=\"@PastoresBogaert\" \/>\n<meta name=\"twitter:label1\" content=\"Escrito por\" \/>\n\t<meta name=\"twitter:data1\" content=\"deboras_admin\" \/>\n<script type=\"application\/ld+json\" class=\"yoast-schema-graph\">{\"@context\":\"https:\/\/schema.org\",\"@graph\":[{\"@type\":\"Article\",\"@id\":\"https:\/\/www.iglesiamontededios.org.do\/deboras\/cest-le-temps-de-nous-lever-et-de-sortir-de-la-prison-4\/#article\",\"isPartOf\":{\"@id\":\"https:\/\/www.iglesiamontededios.org.do\/deboras\/cest-le-temps-de-nous-lever-et-de-sortir-de-la-prison-4\/\"},\"author\":{\"name\":\"deboras_admin\",\"@id\":\"https:\/\/www.iglesiamontededios.org.do\/deboras\/#\/schema\/person\/22ec2d06354eeca1921596aeb4042ba7\"},\"headline\":\"C&#8217;est le temps de nous lever et de sortir de la prison\",\"datePublished\":\"2023-12-28T05:45:37+00:00\",\"dateModified\":\"2023-12-27T22:22:55+00:00\",\"mainEntityOfPage\":{\"@id\":\"https:\/\/www.iglesiamontededios.org.do\/deboras\/cest-le-temps-de-nous-lever-et-de-sortir-de-la-prison-4\/\"},\"wordCount\":20,\"commentCount\":0,\"publisher\":{\"@id\":\"https:\/\/www.iglesiamontededios.org.do\/deboras\/#organization\"},\"articleSection\":[\"Devfrances\"],\"inLanguage\":\"es\",\"potentialAction\":[{\"@type\":\"CommentAction\",\"name\":\"Comment\",\"target\":[\"https:\/\/www.iglesiamontededios.org.do\/deboras\/cest-le-temps-de-nous-lever-et-de-sortir-de-la-prison-4\/#respond\"]}]},{\"@type\":\"WebPage\",\"@id\":\"https:\/\/www.iglesiamontededios.org.do\/deboras\/cest-le-temps-de-nous-lever-et-de-sortir-de-la-prison-4\/\",\"url\":\"https:\/\/www.iglesiamontededios.org.do\/deboras\/cest-le-temps-de-nous-lever-et-de-sortir-de-la-prison-4\/\",\"name\":\"C'est le temps de nous lever et de sortir de la prison - D\u00e9boras Edificadoras del Reino\",\"isPartOf\":{\"@id\":\"https:\/\/www.iglesiamontededios.org.do\/deboras\/#website\"},\"datePublished\":\"2023-12-28T05:45:37+00:00\",\"dateModified\":\"2023-12-27T22:22:55+00:00\",\"breadcrumb\":{\"@id\":\"https:\/\/www.iglesiamontededios.org.do\/deboras\/cest-le-temps-de-nous-lever-et-de-sortir-de-la-prison-4\/#breadcrumb\"},\"inLanguage\":\"es\",\"potentialAction\":[{\"@type\":\"ReadAction\",\"target\":[\"https:\/\/www.iglesiamontededios.org.do\/deboras\/cest-le-temps-de-nous-lever-et-de-sortir-de-la-prison-4\/\"]}]},{\"@type\":\"BreadcrumbList\",\"@id\":\"https:\/\/www.iglesiamontededios.org.do\/deboras\/cest-le-temps-de-nous-lever-et-de-sortir-de-la-prison-4\/#breadcrumb\",\"itemListElement\":[{\"@type\":\"ListItem\",\"position\":1,\"name\":\"Portada\",\"item\":\"https:\/\/www.iglesiamontededios.org.do\/deboras\/\"},{\"@type\":\"ListItem\",\"position\":2,\"name\":\"C&#8217;est le temps de nous lever et de sortir de la prison\"}]},{\"@type\":\"WebSite\",\"@id\":\"https:\/\/www.iglesiamontededios.org.do\/deboras\/#website\",\"url\":\"https:\/\/www.iglesiamontededios.org.do\/deboras\/\",\"name\":\"D\u00e9boras Edificadoras del Reino\",\"description\":\"D\u00e9boras Iglesia Monte de Dios\",\"publisher\":{\"@id\":\"https:\/\/www.iglesiamontededios.org.do\/deboras\/#organization\"},\"potentialAction\":[{\"@type\":\"SearchAction\",\"target\":{\"@type\":\"EntryPoint\",\"urlTemplate\":\"https:\/\/www.iglesiamontededios.org.do\/deboras\/?s={search_term_string}\"},\"query-input\":\"required name=search_term_string\"}],\"inLanguage\":\"es\"},{\"@type\":\"Organization\",\"@id\":\"https:\/\/www.iglesiamontededios.org.do\/deboras\/#organization\",\"name\":\"Iglesia Monte de Dios\",\"url\":\"https:\/\/www.iglesiamontededios.org.do\/deboras\/\",\"logo\":{\"@type\":\"ImageObject\",\"inLanguage\":\"es\",\"@id\":\"https:\/\/www.iglesiamontededios.org.do\/deboras\/#\/schema\/logo\/image\/\",\"url\":\"https:\/\/www.iglesiamontededios.org.do\/deboras\/wp-content\/uploads\/2018\/12\/Deboras-Logo-2.png\",\"contentUrl\":\"https:\/\/www.iglesiamontededios.org.do\/deboras\/wp-content\/uploads\/2018\/12\/Deboras-Logo-2.png\",\"width\":620,\"height\":174,\"caption\":\"Iglesia Monte de Dios\"},\"image\":{\"@id\":\"https:\/\/www.iglesiamontededios.org.do\/deboras\/#\/schema\/logo\/image\/\"},\"sameAs\":[\"http:\/\/instagram.com\/pastoresbogaert\",\"http:\/\/www.youtube.com\/tvhorebministries\",\"https:\/\/www.facebook.com\/PastoresBogaert\",\"https:\/\/twitter.com\/PastoresBogaert\"]},{\"@type\":\"Person\",\"@id\":\"https:\/\/www.iglesiamontededios.org.do\/deboras\/#\/schema\/person\/22ec2d06354eeca1921596aeb4042ba7\",\"name\":\"deboras_admin\",\"image\":{\"@type\":\"ImageObject\",\"inLanguage\":\"es\",\"@id\":\"https:\/\/www.iglesiamontededios.org.do\/deboras\/#\/schema\/person\/image\/\",\"url\":\"https:\/\/secure.gravatar.com\/avatar\/2022049b1efdbc6a5e2f532d15a889a2?s=96&d=mm&r=g\",\"contentUrl\":\"https:\/\/secure.gravatar.com\/avatar\/2022049b1efdbc6a5e2f532d15a889a2?s=96&d=mm&r=g\",\"caption\":\"deboras_admin\"}}]}<\/script>\n<!-- \/ Yoast SEO plugin. -->","yoast_head_json":{"title":"C'est le temps de nous lever et de sortir de la prison - D\u00e9boras Edificadoras del Reino","robots":{"index":"index","follow":"follow","max-snippet":"max-snippet:-1","max-image-preview":"max-image-preview:large","max-video-preview":"max-video-preview:-1"},"canonical":"https:\/\/www.iglesiamontededios.org.do\/deboras\/cest-le-temps-de-nous-lever-et-de-sortir-de-la-prison-4\/","og_locale":"es_ES","og_type":"article","og_title":"C'est le temps de nous lever et de sortir de la prison - D\u00e9boras Edificadoras del Reino","og_description":"[vc_row][vc_column width=\u00bb2\/3&#8243;][vc_column_text]","og_url":"https:\/\/www.iglesiamontededios.org.do\/deboras\/cest-le-temps-de-nous-lever-et-de-sortir-de-la-prison-4\/","og_site_name":"D\u00e9boras Edificadoras del Reino","article_publisher":"https:\/\/www.facebook.com\/PastoresBogaert","article_published_time":"2023-12-28T05:45:37+00:00","article_modified_time":"2023-12-27T22:22:55+00:00","og_image":[{"url":"https:\/\/www.iglesiamontededios.org.do\/deboras\/wp-content\/uploads\/2018\/10\/arte-de-Devocional-frances-768x273.png"}],"author":"deboras_admin","twitter_card":"summary_large_image","twitter_creator":"@PastoresBogaert","twitter_site":"@PastoresBogaert","twitter_misc":{"Escrito por":"deboras_admin"},"schema":{"@context":"https:\/\/schema.org","@graph":[{"@type":"Article","@id":"https:\/\/www.iglesiamontededios.org.do\/deboras\/cest-le-temps-de-nous-lever-et-de-sortir-de-la-prison-4\/#article","isPartOf":{"@id":"https:\/\/www.iglesiamontededios.org.do\/deboras\/cest-le-temps-de-nous-lever-et-de-sortir-de-la-prison-4\/"},"author":{"name":"deboras_admin","@id":"https:\/\/www.iglesiamontededios.org.do\/deboras\/#\/schema\/person\/22ec2d06354eeca1921596aeb4042ba7"},"headline":"C&#8217;est le temps de nous lever et de sortir de la prison","datePublished":"2023-12-28T05:45:37+00:00","dateModified":"2023-12-27T22:22:55+00:00","mainEntityOfPage":{"@id":"https:\/\/www.iglesiamontededios.org.do\/deboras\/cest-le-temps-de-nous-lever-et-de-sortir-de-la-prison-4\/"},"wordCount":20,"commentCount":0,"publisher":{"@id":"https:\/\/www.iglesiamontededios.org.do\/deboras\/#organization"},"articleSection":["Devfrances"],"inLanguage":"es","potentialAction":[{"@type":"CommentAction","name":"Comment","target":["https:\/\/www.iglesiamontededios.org.do\/deboras\/cest-le-temps-de-nous-lever-et-de-sortir-de-la-prison-4\/#respond"]}]},{"@type":"WebPage","@id":"https:\/\/www.iglesiamontededios.org.do\/deboras\/cest-le-temps-de-nous-lever-et-de-sortir-de-la-prison-4\/","url":"https:\/\/www.iglesiamontededios.org.do\/deboras\/cest-le-temps-de-nous-lever-et-de-sortir-de-la-prison-4\/","name":"C'est le temps de nous lever et de sortir de la prison - D\u00e9boras Edificadoras del Reino","isPartOf":{"@id":"https:\/\/www.iglesiamontededios.org.do\/deboras\/#website"},"datePublished":"2023-12-28T05:45:37+00:00","dateModified":"2023-12-27T22:22:55+00:00","breadcrumb":{"@id":"https:\/\/www.iglesiamontededios.org.do\/deboras\/cest-le-temps-de-nous-lever-et-de-sortir-de-la-prison-4\/#breadcrumb"},"inLanguage":"es","potentialAction":[{"@type":"ReadAction","target":["https:\/\/www.iglesiamontededios.org.do\/deboras\/cest-le-temps-de-nous-lever-et-de-sortir-de-la-prison-4\/"]}]},{"@type":"BreadcrumbList","@id":"https:\/\/www.iglesiamontededios.org.do\/deboras\/cest-le-temps-de-nous-lever-et-de-sortir-de-la-prison-4\/#breadcrumb","itemListElement":[{"@type":"ListItem","position":1,"name":"Portada","item":"https:\/\/www.iglesiamontededios.org.do\/deboras\/"},{"@type":"ListItem","position":2,"name":"C&#8217;est le temps de nous lever et de sortir de la prison"}]},{"@type":"WebSite","@id":"https:\/\/www.iglesiamontededios.org.do\/deboras\/#website","url":"https:\/\/www.iglesiamontededios.org.do\/deboras\/","name":"D\u00e9boras Edificadoras del Reino","description":"D\u00e9boras Iglesia Monte de Dios","publisher":{"@id":"https:\/\/www.iglesiamontededios.org.do\/deboras\/#organization"},"potentialAction":[{"@type":"SearchAction","target":{"@type":"EntryPoint","urlTemplate":"https:\/\/www.iglesiamontededios.org.do\/deboras\/?s={search_term_string}"},"query-input":"required name=search_term_string"}],"inLanguage":"es"},{"@type":"Organization","@id":"https:\/\/www.iglesiamontededios.org.do\/deboras\/#organization","name":"Iglesia Monte de Dios","url":"https:\/\/www.iglesiamontededios.org.do\/deboras\/","logo":{"@type":"ImageObject","inLanguage":"es","@id":"https:\/\/www.iglesiamontededios.org.do\/deboras\/#\/schema\/logo\/image\/","url":"https:\/\/www.iglesiamontededios.org.do\/deboras\/wp-content\/uploads\/2018\/12\/Deboras-Logo-2.png","contentUrl":"https:\/\/www.iglesiamontededios.org.do\/deboras\/wp-content\/uploads\/2018\/12\/Deboras-Logo-2.png","width":620,"height":174,"caption":"Iglesia Monte de Dios"},"image":{"@id":"https:\/\/www.iglesiamontededios.org.do\/deboras\/#\/schema\/logo\/image\/"},"sameAs":["http:\/\/instagram.com\/pastoresbogaert","http:\/\/www.youtube.com\/tvhorebministries","https:\/\/www.facebook.com\/PastoresBogaert","https:\/\/twitter.com\/PastoresBogaert"]},{"@type":"Person","@id":"https:\/\/www.iglesiamontededios.org.do\/deboras\/#\/schema\/person\/22ec2d06354eeca1921596aeb4042ba7","name":"deboras_admin","image":{"@type":"ImageObject","inLanguage":"es","@id":"https:\/\/www.iglesiamontededios.org.do\/deboras\/#\/schema\/person\/image\/","url":"https:\/\/secure.gravatar.com\/avatar\/2022049b1efdbc6a5e2f532d15a889a2?s=96&d=mm&r=g","contentUrl":"https:\/\/secure.gravatar.com\/avatar\/2022049b1efdbc6a5e2f532d15a889a2?s=96&d=mm&r=g","caption":"deboras_admin"}}]}},"_links":{"self":[{"href":"https:\/\/www.iglesiamontededios.org.do\/deboras\/wp-json\/wp\/v2\/posts\/20347"}],"collection":[{"href":"https:\/\/www.iglesiamontededios.org.do\/deboras\/wp-json\/wp\/v2\/posts"}],"about":[{"href":"https:\/\/www.iglesiamontededios.org.do\/deboras\/wp-json\/wp\/v2\/types\/post"}],"author":[{"embeddable":true,"href":"https:\/\/www.iglesiamontededios.org.do\/deboras\/wp-json\/wp\/v2\/users\/1"}],"replies":[{"embeddable":true,"href":"https:\/\/www.iglesiamontededios.org.do\/deboras\/wp-json\/wp\/v2\/comments?post=20347"}],"version-history":[{"count":1,"href":"https:\/\/www.iglesiamontededios.org.do\/deboras\/wp-json\/wp\/v2\/posts\/20347\/revisions"}],"predecessor-version":[{"id":20349,"href":"https:\/\/www.iglesiamontededios.org.do\/deboras\/wp-json\/wp\/v2\/posts\/20347\/revisions\/20349"}],"wp:attachment":[{"href":"https:\/\/www.iglesiamontededios.org.do\/deboras\/wp-json\/wp\/v2\/media?parent=20347"}],"wp:term":[{"taxonomy":"category","embeddable":true,"href":"https:\/\/www.iglesiamontededios.org.do\/deboras\/wp-json\/wp\/v2\/categories?post=20347"},{"taxonomy":"post_tag","embeddable":true,"href":"https:\/\/www.iglesiamontededios.org.do\/deboras\/wp-json\/wp\/v2\/tags?post=20347"}],"curies":[{"name":"wp","href":"https:\/\/api.w.org\/{rel}","templated":true}]}}