{"id":20354,"date":"2023-12-31T05:45:46","date_gmt":"2023-12-31T05:45:46","guid":{"rendered":"https:\/\/www.iglesiamontededios.org.do\/deboras\/?p=20354"},"modified":"2023-12-27T22:30:12","modified_gmt":"2023-12-27T22:30:12","slug":"il-y-a-un-pouvoir-endormi-qui-a-a-seveiller-2","status":"publish","type":"post","link":"https:\/\/www.iglesiamontededios.org.do\/deboras\/il-y-a-un-pouvoir-endormi-qui-a-a-seveiller-2\/","title":{"rendered":"Il y a un pouvoir endormi qui a \u00e0 s&#8217;\u00e9veiller"},"content":{"rendered":"<p>[vc_row][vc_column width=\u00bb2\/3&#8243;][vc_column_text]<strong><img loading=\"lazy\" class=\"alignnone wp-image-9073\" src=\"https:\/\/www.iglesiamontededios.org.do\/deboras\/wp-content\/uploads\/2018\/10\/arte-de-Devocional-frances-768x273.png\" alt=\"\" width=\"547\" height=\"195\" \/><\/strong><\/\n\n<strong><strong>Samson descendit avec son p\u00e8re et sa m\u00e8re \u00e0 Thimna. Lorsqu&#8217;ils arriv\u00e8rent aux vignes de Thimna, voici, un jeune lion rugissant vint \u00e0 sa rencontre. L&#8217;esprit de l&#8217;Eternel saisit Samson; et, sans avoir rien \u00e0 la main, Samson d\u00e9chira le lion comme on d\u00e9chire un chevreau. Il ne dit point \u00e0 son p\u00e8re et \u00e0 sa m\u00e8re ce qu&#8217;il avait fait. Juges 14:5-6<\/strong><\/p>\n<p>Dieu n&#8217;est pas \u00e9tranger \u00e0 nos probl\u00e8mes, bien qu&#8217;Il n&#8217;intervienne pas imm\u00e9diatement et nous secoure. Alors: Dieu est mauvais pour ne pas nous aider \u00e0 l&#8217;instant ? Non, Il est bon, seulement Il permet que ce processus nous m\u00fbrissions et nous aide \u00e0 reconna\u00eetre le potentiel qui est endormi.<br \/>\nIl sait ce que nous pouvons endurer et supporter, mais c&#8217;est n\u00e9cessaire pour notre formation. Tout de suite, s&#8217;il n&#8217;y a pas de crise, nous ne saurons pas de quoi nous sommes capables. Alors, nous d\u00e9pendrons toujours de ceux qui savent oui de quel son capable et ils ont peur \u00e0 rien, parce qu&#8217;ils ont d\u00e9couvert dans une crise qui existait une puissance endormie. Ce besoin les a incit\u00e9s \u00e0 s&#8217;en servir.<\/p>\n<p>Comme cela devait arriver \u00e0 Samson, qui se rendait un jour \u00e0 Timnat, et dans les vignobles un lion lui a ressembl\u00e9 rugit. Il l&#8217;a d\u00e9pec\u00e9, comme il est fait par un chevreau. Sanson a eu besoin de cette exp\u00e9rience pour conna\u00eetre le pouvoir qui \u00e9tait dans lui.<\/p>\n<p>Ne nous effrayons pas si nous entendons le rugissement des lions et que le Seigneur ne vient pas nous aider, car c&#8217;est ainsi que nous comprenons qu&#8217;en nous il y a un pouvoir endormi qui a \u00e0 s&#8217;\u00e9veiller.<\/p>\n<p>[\/vc_column_text][vc_empty_space height=\u00bb52px\u00bb][vc_row_inner][vc_column_inner width=\u00bb1\/2&#8243;][vc_single_image image=\u00bb9146&#8243; img_size=\u00bbmedium\u00bb onclick=\u00bbcustom_link\u00bb img_link_target=\u00bb_blank\u00bb link=\u00bbhttps:\/\/www.iglesiamontededios.org.do\/deboras\/devocional-diario\/\u00bb][\/vc_column_inner][vc_column_inner width=\u00bb1\/2&#8243;][vc_single_image image=\u00bb9147&#8243; img_size=\u00bbmedium\u00bb onclick=\u00bbcustom_link\u00bb img_link_target=\u00bb_blank\u00bb link=\u00bbhttps:\/\/www.iglesiamontededios.org.do\/deboras\/devotion-quotidienne\/\u00bb][\/vc_column_inner][\/vc_row_inner][\/vc_column][vc_column width=\u00bb1\/3&#8243;][vc_widget_sidebar sidebar_id=\u00bbside_ingles\u00bb][\/vc_column][\/vc_row]<\/p>\n","protected":false},"excerpt":{"rendered":"<p>[vc_row][vc_column width=\u00bb2\/3&#8243;][vc_column_text]<\/p>\n","protected":false},"author":1,"featured_media":0,"comment_status":"open","ping_status":"open","sticky":false,"template":"","format":"standard","meta":[],"categories":[311],"tags":[],"yoast_head":"<!-- This site is optimized with the Yoast SEO plugin v19.11 - https:\/\/yoast.com\/wordpress\/plugins\/seo\/ -->\n<title>Il y a un pouvoir endormi qui a \u00e0 s&#039;\u00e9veiller - D\u00e9boras Edificadoras del Reino<\/title>\n<meta name=\"robots\" content=\"index, follow, max-snippet:-1, max-image-preview:large, max-video-preview:-1\" \/>\n<link rel=\"canonical\" href=\"https:\/\/www.iglesiamontededios.org.do\/deboras\/il-y-a-un-pouvoir-endormi-qui-a-a-seveiller-2\/\" \/>\n<meta property=\"og:locale\" content=\"es_ES\" \/>\n<meta property=\"og:type\" content=\"article\" \/>\n<meta property=\"og:title\" content=\"Il y a un pouvoir endormi qui a \u00e0 s&#039;\u00e9veiller - D\u00e9boras Edificadoras del Reino\" \/>\n<meta property=\"og:description\" content=\"[vc_row][vc_column width=\u00bb2\/3&#8243;][vc_column_text]\" \/>\n<meta property=\"og:url\" content=\"https:\/\/www.iglesiamontededios.org.do\/deboras\/il-y-a-un-pouvoir-endormi-qui-a-a-seveiller-2\/\" \/>\n<meta property=\"og:site_name\" content=\"D\u00e9boras Edificadoras del Reino\" \/>\n<meta property=\"article:publisher\" content=\"https:\/\/www.facebook.com\/PastoresBogaert\" \/>\n<meta property=\"article:published_time\" content=\"2023-12-31T05:45:46+00:00\" \/>\n<meta property=\"article:modified_time\" content=\"2023-12-27T22:30:12+00:00\" \/>\n<meta property=\"og:image\" content=\"https:\/\/www.iglesiamontededios.org.do\/deboras\/wp-content\/uploads\/2018\/10\/arte-de-Devocional-frances-768x273.png\" \/>\n<meta name=\"author\" content=\"deboras_admin\" \/>\n<meta name=\"twitter:card\" content=\"summary_large_image\" \/>\n<meta name=\"twitter:creator\" content=\"@PastoresBogaert\" \/>\n<meta name=\"twitter:site\" content=\"@PastoresBogaert\" \/>\n<meta name=\"twitter:label1\" content=\"Escrito por\" \/>\n\t<meta name=\"twitter:data1\" content=\"deboras_admin\" \/>\n<script type=\"application\/ld+json\" class=\"yoast-schema-graph\">{\"@context\":\"https:\/\/schema.org\",\"@graph\":[{\"@type\":\"Article\",\"@id\":\"https:\/\/www.iglesiamontededios.org.do\/deboras\/il-y-a-un-pouvoir-endormi-qui-a-a-seveiller-2\/#article\",\"isPartOf\":{\"@id\":\"https:\/\/www.iglesiamontededios.org.do\/deboras\/il-y-a-un-pouvoir-endormi-qui-a-a-seveiller-2\/\"},\"author\":{\"name\":\"deboras_admin\",\"@id\":\"https:\/\/www.iglesiamontededios.org.do\/deboras\/#\/schema\/person\/22ec2d06354eeca1921596aeb4042ba7\"},\"headline\":\"Il y a un pouvoir endormi qui a \u00e0 s&#8217;\u00e9veiller\",\"datePublished\":\"2023-12-31T05:45:46+00:00\",\"dateModified\":\"2023-12-27T22:30:12+00:00\",\"mainEntityOfPage\":{\"@id\":\"https:\/\/www.iglesiamontededios.org.do\/deboras\/il-y-a-un-pouvoir-endormi-qui-a-a-seveiller-2\/\"},\"wordCount\":18,\"commentCount\":0,\"publisher\":{\"@id\":\"https:\/\/www.iglesiamontededios.org.do\/deboras\/#organization\"},\"articleSection\":[\"Devfrances\"],\"inLanguage\":\"es\",\"potentialAction\":[{\"@type\":\"CommentAction\",\"name\":\"Comment\",\"target\":[\"https:\/\/www.iglesiamontededios.org.do\/deboras\/il-y-a-un-pouvoir-endormi-qui-a-a-seveiller-2\/#respond\"]}]},{\"@type\":\"WebPage\",\"@id\":\"https:\/\/www.iglesiamontededios.org.do\/deboras\/il-y-a-un-pouvoir-endormi-qui-a-a-seveiller-2\/\",\"url\":\"https:\/\/www.iglesiamontededios.org.do\/deboras\/il-y-a-un-pouvoir-endormi-qui-a-a-seveiller-2\/\",\"name\":\"Il y a un pouvoir endormi qui a \u00e0 s'\u00e9veiller - D\u00e9boras Edificadoras del Reino\",\"isPartOf\":{\"@id\":\"https:\/\/www.iglesiamontededios.org.do\/deboras\/#website\"},\"datePublished\":\"2023-12-31T05:45:46+00:00\",\"dateModified\":\"2023-12-27T22:30:12+00:00\",\"breadcrumb\":{\"@id\":\"https:\/\/www.iglesiamontededios.org.do\/deboras\/il-y-a-un-pouvoir-endormi-qui-a-a-seveiller-2\/#breadcrumb\"},\"inLanguage\":\"es\",\"potentialAction\":[{\"@type\":\"ReadAction\",\"target\":[\"https:\/\/www.iglesiamontededios.org.do\/deboras\/il-y-a-un-pouvoir-endormi-qui-a-a-seveiller-2\/\"]}]},{\"@type\":\"BreadcrumbList\",\"@id\":\"https:\/\/www.iglesiamontededios.org.do\/deboras\/il-y-a-un-pouvoir-endormi-qui-a-a-seveiller-2\/#breadcrumb\",\"itemListElement\":[{\"@type\":\"ListItem\",\"position\":1,\"name\":\"Portada\",\"item\":\"https:\/\/www.iglesiamontededios.org.do\/deboras\/\"},{\"@type\":\"ListItem\",\"position\":2,\"name\":\"Il y a un pouvoir endormi qui a \u00e0 s&#8217;\u00e9veiller\"}]},{\"@type\":\"WebSite\",\"@id\":\"https:\/\/www.iglesiamontededios.org.do\/deboras\/#website\",\"url\":\"https:\/\/www.iglesiamontededios.org.do\/deboras\/\",\"name\":\"D\u00e9boras Edificadoras del Reino\",\"description\":\"D\u00e9boras Iglesia Monte de Dios\",\"publisher\":{\"@id\":\"https:\/\/www.iglesiamontededios.org.do\/deboras\/#organization\"},\"potentialAction\":[{\"@type\":\"SearchAction\",\"target\":{\"@type\":\"EntryPoint\",\"urlTemplate\":\"https:\/\/www.iglesiamontededios.org.do\/deboras\/?s={search_term_string}\"},\"query-input\":\"required name=search_term_string\"}],\"inLanguage\":\"es\"},{\"@type\":\"Organization\",\"@id\":\"https:\/\/www.iglesiamontededios.org.do\/deboras\/#organization\",\"name\":\"Iglesia Monte de Dios\",\"url\":\"https:\/\/www.iglesiamontededios.org.do\/deboras\/\",\"logo\":{\"@type\":\"ImageObject\",\"inLanguage\":\"es\",\"@id\":\"https:\/\/www.iglesiamontededios.org.do\/deboras\/#\/schema\/logo\/image\/\",\"url\":\"https:\/\/www.iglesiamontededios.org.do\/deboras\/wp-content\/uploads\/2018\/12\/Deboras-Logo-2.png\",\"contentUrl\":\"https:\/\/www.iglesiamontededios.org.do\/deboras\/wp-content\/uploads\/2018\/12\/Deboras-Logo-2.png\",\"width\":620,\"height\":174,\"caption\":\"Iglesia Monte de Dios\"},\"image\":{\"@id\":\"https:\/\/www.iglesiamontededios.org.do\/deboras\/#\/schema\/logo\/image\/\"},\"sameAs\":[\"http:\/\/instagram.com\/pastoresbogaert\",\"http:\/\/www.youtube.com\/tvhorebministries\",\"https:\/\/www.facebook.com\/PastoresBogaert\",\"https:\/\/twitter.com\/PastoresBogaert\"]},{\"@type\":\"Person\",\"@id\":\"https:\/\/www.iglesiamontededios.org.do\/deboras\/#\/schema\/person\/22ec2d06354eeca1921596aeb4042ba7\",\"name\":\"deboras_admin\",\"image\":{\"@type\":\"ImageObject\",\"inLanguage\":\"es\",\"@id\":\"https:\/\/www.iglesiamontededios.org.do\/deboras\/#\/schema\/person\/image\/\",\"url\":\"https:\/\/secure.gravatar.com\/avatar\/2022049b1efdbc6a5e2f532d15a889a2?s=96&d=mm&r=g\",\"contentUrl\":\"https:\/\/secure.gravatar.com\/avatar\/2022049b1efdbc6a5e2f532d15a889a2?s=96&d=mm&r=g\",\"caption\":\"deboras_admin\"}}]}<\/script>\n<!-- \/ Yoast SEO plugin. -->","yoast_head_json":{"title":"Il y a un pouvoir endormi qui a \u00e0 s'\u00e9veiller - D\u00e9boras Edificadoras del Reino","robots":{"index":"index","follow":"follow","max-snippet":"max-snippet:-1","max-image-preview":"max-image-preview:large","max-video-preview":"max-video-preview:-1"},"canonical":"https:\/\/www.iglesiamontededios.org.do\/deboras\/il-y-a-un-pouvoir-endormi-qui-a-a-seveiller-2\/","og_locale":"es_ES","og_type":"article","og_title":"Il y a un pouvoir endormi qui a \u00e0 s'\u00e9veiller - D\u00e9boras Edificadoras del Reino","og_description":"[vc_row][vc_column width=\u00bb2\/3&#8243;][vc_column_text]","og_url":"https:\/\/www.iglesiamontededios.org.do\/deboras\/il-y-a-un-pouvoir-endormi-qui-a-a-seveiller-2\/","og_site_name":"D\u00e9boras Edificadoras del Reino","article_publisher":"https:\/\/www.facebook.com\/PastoresBogaert","article_published_time":"2023-12-31T05:45:46+00:00","article_modified_time":"2023-12-27T22:30:12+00:00","og_image":[{"url":"https:\/\/www.iglesiamontededios.org.do\/deboras\/wp-content\/uploads\/2018\/10\/arte-de-Devocional-frances-768x273.png"}],"author":"deboras_admin","twitter_card":"summary_large_image","twitter_creator":"@PastoresBogaert","twitter_site":"@PastoresBogaert","twitter_misc":{"Escrito por":"deboras_admin"},"schema":{"@context":"https:\/\/schema.org","@graph":[{"@type":"Article","@id":"https:\/\/www.iglesiamontededios.org.do\/deboras\/il-y-a-un-pouvoir-endormi-qui-a-a-seveiller-2\/#article","isPartOf":{"@id":"https:\/\/www.iglesiamontededios.org.do\/deboras\/il-y-a-un-pouvoir-endormi-qui-a-a-seveiller-2\/"},"author":{"name":"deboras_admin","@id":"https:\/\/www.iglesiamontededios.org.do\/deboras\/#\/schema\/person\/22ec2d06354eeca1921596aeb4042ba7"},"headline":"Il y a un pouvoir endormi qui a \u00e0 s&#8217;\u00e9veiller","datePublished":"2023-12-31T05:45:46+00:00","dateModified":"2023-12-27T22:30:12+00:00","mainEntityOfPage":{"@id":"https:\/\/www.iglesiamontededios.org.do\/deboras\/il-y-a-un-pouvoir-endormi-qui-a-a-seveiller-2\/"},"wordCount":18,"commentCount":0,"publisher":{"@id":"https:\/\/www.iglesiamontededios.org.do\/deboras\/#organization"},"articleSection":["Devfrances"],"inLanguage":"es","potentialAction":[{"@type":"CommentAction","name":"Comment","target":["https:\/\/www.iglesiamontededios.org.do\/deboras\/il-y-a-un-pouvoir-endormi-qui-a-a-seveiller-2\/#respond"]}]},{"@type":"WebPage","@id":"https:\/\/www.iglesiamontededios.org.do\/deboras\/il-y-a-un-pouvoir-endormi-qui-a-a-seveiller-2\/","url":"https:\/\/www.iglesiamontededios.org.do\/deboras\/il-y-a-un-pouvoir-endormi-qui-a-a-seveiller-2\/","name":"Il y a un pouvoir endormi qui a \u00e0 s'\u00e9veiller - D\u00e9boras Edificadoras del Reino","isPartOf":{"@id":"https:\/\/www.iglesiamontededios.org.do\/deboras\/#website"},"datePublished":"2023-12-31T05:45:46+00:00","dateModified":"2023-12-27T22:30:12+00:00","breadcrumb":{"@id":"https:\/\/www.iglesiamontededios.org.do\/deboras\/il-y-a-un-pouvoir-endormi-qui-a-a-seveiller-2\/#breadcrumb"},"inLanguage":"es","potentialAction":[{"@type":"ReadAction","target":["https:\/\/www.iglesiamontededios.org.do\/deboras\/il-y-a-un-pouvoir-endormi-qui-a-a-seveiller-2\/"]}]},{"@type":"BreadcrumbList","@id":"https:\/\/www.iglesiamontededios.org.do\/deboras\/il-y-a-un-pouvoir-endormi-qui-a-a-seveiller-2\/#breadcrumb","itemListElement":[{"@type":"ListItem","position":1,"name":"Portada","item":"https:\/\/www.iglesiamontededios.org.do\/deboras\/"},{"@type":"ListItem","position":2,"name":"Il y a un pouvoir endormi qui a \u00e0 s&#8217;\u00e9veiller"}]},{"@type":"WebSite","@id":"https:\/\/www.iglesiamontededios.org.do\/deboras\/#website","url":"https:\/\/www.iglesiamontededios.org.do\/deboras\/","name":"D\u00e9boras Edificadoras del Reino","description":"D\u00e9boras Iglesia Monte de Dios","publisher":{"@id":"https:\/\/www.iglesiamontededios.org.do\/deboras\/#organization"},"potentialAction":[{"@type":"SearchAction","target":{"@type":"EntryPoint","urlTemplate":"https:\/\/www.iglesiamontededios.org.do\/deboras\/?s={search_term_string}"},"query-input":"required name=search_term_string"}],"inLanguage":"es"},{"@type":"Organization","@id":"https:\/\/www.iglesiamontededios.org.do\/deboras\/#organization","name":"Iglesia Monte de Dios","url":"https:\/\/www.iglesiamontededios.org.do\/deboras\/","logo":{"@type":"ImageObject","inLanguage":"es","@id":"https:\/\/www.iglesiamontededios.org.do\/deboras\/#\/schema\/logo\/image\/","url":"https:\/\/www.iglesiamontededios.org.do\/deboras\/wp-content\/uploads\/2018\/12\/Deboras-Logo-2.png","contentUrl":"https:\/\/www.iglesiamontededios.org.do\/deboras\/wp-content\/uploads\/2018\/12\/Deboras-Logo-2.png","width":620,"height":174,"caption":"Iglesia Monte de Dios"},"image":{"@id":"https:\/\/www.iglesiamontededios.org.do\/deboras\/#\/schema\/logo\/image\/"},"sameAs":["http:\/\/instagram.com\/pastoresbogaert","http:\/\/www.youtube.com\/tvhorebministries","https:\/\/www.facebook.com\/PastoresBogaert","https:\/\/twitter.com\/PastoresBogaert"]},{"@type":"Person","@id":"https:\/\/www.iglesiamontededios.org.do\/deboras\/#\/schema\/person\/22ec2d06354eeca1921596aeb4042ba7","name":"deboras_admin","image":{"@type":"ImageObject","inLanguage":"es","@id":"https:\/\/www.iglesiamontededios.org.do\/deboras\/#\/schema\/person\/image\/","url":"https:\/\/secure.gravatar.com\/avatar\/2022049b1efdbc6a5e2f532d15a889a2?s=96&d=mm&r=g","contentUrl":"https:\/\/secure.gravatar.com\/avatar\/2022049b1efdbc6a5e2f532d15a889a2?s=96&d=mm&r=g","caption":"deboras_admin"}}]}},"_links":{"self":[{"href":"https:\/\/www.iglesiamontededios.org.do\/deboras\/wp-json\/wp\/v2\/posts\/20354"}],"collection":[{"href":"https:\/\/www.iglesiamontededios.org.do\/deboras\/wp-json\/wp\/v2\/posts"}],"about":[{"href":"https:\/\/www.iglesiamontededios.org.do\/deboras\/wp-json\/wp\/v2\/types\/post"}],"author":[{"embeddable":true,"href":"https:\/\/www.iglesiamontededios.org.do\/deboras\/wp-json\/wp\/v2\/users\/1"}],"replies":[{"embeddable":true,"href":"https:\/\/www.iglesiamontededios.org.do\/deboras\/wp-json\/wp\/v2\/comments?post=20354"}],"version-history":[{"count":2,"href":"https:\/\/www.iglesiamontededios.org.do\/deboras\/wp-json\/wp\/v2\/posts\/20354\/revisions"}],"predecessor-version":[{"id":20357,"href":"https:\/\/www.iglesiamontededios.org.do\/deboras\/wp-json\/wp\/v2\/posts\/20354\/revisions\/20357"}],"wp:attachment":[{"href":"https:\/\/www.iglesiamontededios.org.do\/deboras\/wp-json\/wp\/v2\/media?parent=20354"}],"wp:term":[{"taxonomy":"category","embeddable":true,"href":"https:\/\/www.iglesiamontededios.org.do\/deboras\/wp-json\/wp\/v2\/categories?post=20354"},{"taxonomy":"post_tag","embeddable":true,"href":"https:\/\/www.iglesiamontededios.org.do\/deboras\/wp-json\/wp\/v2\/tags?post=20354"}],"curies":[{"name":"wp","href":"https:\/\/api.w.org\/{rel}","templated":true}]}}