{"id":22794,"date":"2024-01-03T05:45:46","date_gmt":"2024-01-03T05:45:46","guid":{"rendered":"https:\/\/www.iglesiamontededios.org.do\/deboras\/?p=22794"},"modified":"2024-12-30T21:58:49","modified_gmt":"2024-12-30T21:58:49","slug":"no-bajes-la-mirada-porque-hay-un-elias-que-ha-sido-enviado-para-bendecirte-4","status":"publish","type":"post","link":"https:\/\/www.iglesiamontededios.org.do\/deboras\/no-bajes-la-mirada-porque-hay-un-elias-que-ha-sido-enviado-para-bendecirte-4\/","title":{"rendered":"No bajes la mirada porque hay un El\u00edas que ha sido enviado para bendecirte"},"content":{"rendered":"<p>[vc_row][vc_column width=\u00bb2\/3&#8243;][vc_column_text]<strong><img loading=\"lazy\" class=\"alignnone wp-image-9073\" src=\"https:\/\/www.iglesiamontededios.org.do\/deboras\/wp-content\/uploads\/2018\/10\/arte-de-Devocional-espan\u0303ol-300x107.png\" alt=\"\" width=\"547\" height=\"195\" srcset=\"https:\/\/www.iglesiamontededios.org.do\/deboras\/wp-content\/uploads\/2018\/10\/arte-de-Devocional-espan\u0303ol-300x107.png 300w, https:\/\/www.iglesiamontededios.org.do\/deboras\/wp-content\/uploads\/2018\/10\/arte-de-Devocional-espan\u0303ol-768x273.png 768w, https:\/\/www.iglesiamontededios.org.do\/deboras\/wp-content\/uploads\/2018\/10\/arte-de-Devocional-espan\u0303ol-1024x364.png 1024w\" sizes=\"(max-width: 547px) 100vw, 547px\" \/><\/strong><\/p>\n<p><strong>No escase\u00f3 la harina de la tinaja, ni el aceite de la vasija mengu\u00f3, conforme a la palabra que Jehov\u00e1 hab\u00eda dicho por medio de El\u00edas. 1 Reyes 17:16<\/strong><\/p>\n<p>La vida est\u00e1 llena de sorpresas agradables que llegan en el momento oportuno para darnos testimonio de que Dios tiene Sus ojos puestos en nosotros. Y aunque la vida que estemos viviendo no sea la mejor, no hay que dudar que el Dios de los milagros y prodigios nos sorprender\u00e1 de tal forma que lo que pens\u00e1bamos imposible se hace posible.<\/p>\n<p>No hay que temer; solamente hay que creer y esperar que nuestro Dios intervenga y ponga fin a lo que estamos pasando. Estas experiencias nos har\u00e1n crecer espiritualmente y aumentar\u00e1n nuestra fe, a la vez que cambiar\u00e1n nuestra vida para que seamos portadores de lo que \u00c9l hace, por el testimonio visible que nos ha permitido vivir. Porque cuando las puertas estaban cerradas y los cielos eran de bronce, de momento, todo \u00c9l lo cambi\u00f3.<\/p>\n<p>Tal como la viuda de Sarepta, la cual estaba pasando una situaci\u00f3n muy dif\u00edcil, y de momento Dios envi\u00f3 al profeta El\u00edas para desatar una bendici\u00f3n sobre su vida y romper definitivamente con todo aquello que estaba viviendo.<\/p>\n<p>As\u00ed que no bajes la mirada, porque hay un El\u00edas que ha sido enviado para bendecirte, y lo que est\u00e9s pasando hoy ser\u00e1 un gozo en el ma\u00f1ana por la intervenci\u00f3n divina de tu Creador.<\/p>\n<p>[\/vc_column_text][vc_empty_space height=\u00bb52px\u00bb][vc_row_inner][vc_column_inner width=\u00bb1\/2&#8243;][vc_single_image image=\u00bb9147&#8243; img_size=\u00bbmedium\u00bb onclick=\u00bbcustom_link\u00bb img_link_target=\u00bb_blank\u00bb link=\u00bbhttps:\/\/www.iglesiamontededios.org.do\/deboras\/devotion-quotidienne\/\u00bb][\/vc_column_inner][vc_column_inner width=\u00bb1\/2&#8243;][vc_single_image image=\u00bb9145&#8243; img_size=\u00bbmedium\u00bb onclick=\u00bbcustom_link\u00bb img_link_target=\u00bb_blank\u00bb link=\u00bbhttps:\/\/www.iglesiamontededios.org.do\/deboras\/daily-devotionals\/ \u00ab][\/vc_column_inner][\/vc_row_inner][\/vc_column][vc_column width=\u00bb1\/3&#8243;][vc_widget_sidebar sidebar_id=\u00bbside_spa\u00bb][\/vc_column][\/vc_row]<\/p>\n","protected":false},"excerpt":{"rendered":"<p>[vc_row][vc_column width=\u00bb2\/3&#8243;][vc_column_text] No escase\u00f3 la harina de la tinaja, ni el aceite de la vasija mengu\u00f3, conforme a la palabra que Jehov\u00e1 hab\u00eda dicho por medio de El\u00edas. 1 Reyes 17:16 La vida est\u00e1 llena de sorpresas agradables que llegan [&hellip;]<\/p>\n","protected":false},"author":1,"featured_media":0,"comment_status":"open","ping_status":"open","sticky":false,"template":"","format":"standard","meta":[],"categories":[309],"tags":[],"yoast_head":"<!-- This site is optimized with the Yoast SEO plugin v19.11 - https:\/\/yoast.com\/wordpress\/plugins\/seo\/ -->\n<title>No bajes la mirada porque hay un El\u00edas que ha sido enviado para bendecirte - D\u00e9boras Edificadoras del Reino<\/title>\n<meta name=\"robots\" content=\"index, follow, max-snippet:-1, max-image-preview:large, max-video-preview:-1\" \/>\n<link rel=\"canonical\" href=\"https:\/\/www.iglesiamontededios.org.do\/deboras\/no-bajes-la-mirada-porque-hay-un-elias-que-ha-sido-enviado-para-bendecirte-4\/\" \/>\n<meta property=\"og:locale\" content=\"es_ES\" \/>\n<meta property=\"og:type\" content=\"article\" \/>\n<meta property=\"og:title\" content=\"No bajes la mirada porque hay un El\u00edas que ha sido enviado para bendecirte - D\u00e9boras Edificadoras del Reino\" \/>\n<meta property=\"og:description\" content=\"[vc_row][vc_column width=\u00bb2\/3&#8243;][vc_column_text] No escase\u00f3 la harina de la tinaja, ni el aceite de la vasija mengu\u00f3, conforme a la palabra que Jehov\u00e1 hab\u00eda dicho por medio de El\u00edas. 1 Reyes 17:16 La vida est\u00e1 llena de sorpresas agradables que llegan [&hellip;]\" \/>\n<meta property=\"og:url\" content=\"https:\/\/www.iglesiamontededios.org.do\/deboras\/no-bajes-la-mirada-porque-hay-un-elias-que-ha-sido-enviado-para-bendecirte-4\/\" \/>\n<meta property=\"og:site_name\" content=\"D\u00e9boras Edificadoras del Reino\" \/>\n<meta property=\"article:publisher\" content=\"https:\/\/www.facebook.com\/PastoresBogaert\" \/>\n<meta property=\"article:published_time\" content=\"2024-01-03T05:45:46+00:00\" \/>\n<meta property=\"article:modified_time\" content=\"2024-12-30T21:58:49+00:00\" \/>\n<meta name=\"author\" content=\"deboras_admin\" \/>\n<meta name=\"twitter:card\" content=\"summary_large_image\" \/>\n<meta name=\"twitter:creator\" content=\"@PastoresBogaert\" \/>\n<meta name=\"twitter:site\" content=\"@PastoresBogaert\" \/>\n<meta name=\"twitter:label1\" content=\"Escrito por\" \/>\n\t<meta name=\"twitter:data1\" content=\"deboras_admin\" \/>\n<script type=\"application\/ld+json\" class=\"yoast-schema-graph\">{\"@context\":\"https:\/\/schema.org\",\"@graph\":[{\"@type\":\"Article\",\"@id\":\"https:\/\/www.iglesiamontededios.org.do\/deboras\/no-bajes-la-mirada-porque-hay-un-elias-que-ha-sido-enviado-para-bendecirte-4\/#article\",\"isPartOf\":{\"@id\":\"https:\/\/www.iglesiamontededios.org.do\/deboras\/no-bajes-la-mirada-porque-hay-un-elias-que-ha-sido-enviado-para-bendecirte-4\/\"},\"author\":{\"name\":\"deboras_admin\",\"@id\":\"https:\/\/www.iglesiamontededios.org.do\/deboras\/#\/schema\/person\/22ec2d06354eeca1921596aeb4042ba7\"},\"headline\":\"No bajes la mirada porque hay un El\u00edas que ha sido enviado para bendecirte\",\"datePublished\":\"2024-01-03T05:45:46+00:00\",\"dateModified\":\"2024-12-30T21:58:49+00:00\",\"mainEntityOfPage\":{\"@id\":\"https:\/\/www.iglesiamontededios.org.do\/deboras\/no-bajes-la-mirada-porque-hay-un-elias-que-ha-sido-enviado-para-bendecirte-4\/\"},\"wordCount\":361,\"commentCount\":0,\"publisher\":{\"@id\":\"https:\/\/www.iglesiamontededios.org.do\/deboras\/#organization\"},\"articleSection\":[\"Devocionales\"],\"inLanguage\":\"es\",\"potentialAction\":[{\"@type\":\"CommentAction\",\"name\":\"Comment\",\"target\":[\"https:\/\/www.iglesiamontededios.org.do\/deboras\/no-bajes-la-mirada-porque-hay-un-elias-que-ha-sido-enviado-para-bendecirte-4\/#respond\"]}]},{\"@type\":\"WebPage\",\"@id\":\"https:\/\/www.iglesiamontededios.org.do\/deboras\/no-bajes-la-mirada-porque-hay-un-elias-que-ha-sido-enviado-para-bendecirte-4\/\",\"url\":\"https:\/\/www.iglesiamontededios.org.do\/deboras\/no-bajes-la-mirada-porque-hay-un-elias-que-ha-sido-enviado-para-bendecirte-4\/\",\"name\":\"No bajes la mirada porque hay un El\u00edas que ha sido enviado para bendecirte - D\u00e9boras Edificadoras del Reino\",\"isPartOf\":{\"@id\":\"https:\/\/www.iglesiamontededios.org.do\/deboras\/#website\"},\"datePublished\":\"2024-01-03T05:45:46+00:00\",\"dateModified\":\"2024-12-30T21:58:49+00:00\",\"breadcrumb\":{\"@id\":\"https:\/\/www.iglesiamontededios.org.do\/deboras\/no-bajes-la-mirada-porque-hay-un-elias-que-ha-sido-enviado-para-bendecirte-4\/#breadcrumb\"},\"inLanguage\":\"es\",\"potentialAction\":[{\"@type\":\"ReadAction\",\"target\":[\"https:\/\/www.iglesiamontededios.org.do\/deboras\/no-bajes-la-mirada-porque-hay-un-elias-que-ha-sido-enviado-para-bendecirte-4\/\"]}]},{\"@type\":\"BreadcrumbList\",\"@id\":\"https:\/\/www.iglesiamontededios.org.do\/deboras\/no-bajes-la-mirada-porque-hay-un-elias-que-ha-sido-enviado-para-bendecirte-4\/#breadcrumb\",\"itemListElement\":[{\"@type\":\"ListItem\",\"position\":1,\"name\":\"Portada\",\"item\":\"https:\/\/www.iglesiamontededios.org.do\/deboras\/\"},{\"@type\":\"ListItem\",\"position\":2,\"name\":\"No bajes la mirada porque hay un El\u00edas que ha sido enviado para bendecirte\"}]},{\"@type\":\"WebSite\",\"@id\":\"https:\/\/www.iglesiamontededios.org.do\/deboras\/#website\",\"url\":\"https:\/\/www.iglesiamontededios.org.do\/deboras\/\",\"name\":\"D\u00e9boras Edificadoras del Reino\",\"description\":\"D\u00e9boras Iglesia Monte de Dios\",\"publisher\":{\"@id\":\"https:\/\/www.iglesiamontededios.org.do\/deboras\/#organization\"},\"potentialAction\":[{\"@type\":\"SearchAction\",\"target\":{\"@type\":\"EntryPoint\",\"urlTemplate\":\"https:\/\/www.iglesiamontededios.org.do\/deboras\/?s={search_term_string}\"},\"query-input\":\"required name=search_term_string\"}],\"inLanguage\":\"es\"},{\"@type\":\"Organization\",\"@id\":\"https:\/\/www.iglesiamontededios.org.do\/deboras\/#organization\",\"name\":\"Iglesia Monte de Dios\",\"url\":\"https:\/\/www.iglesiamontededios.org.do\/deboras\/\",\"logo\":{\"@type\":\"ImageObject\",\"inLanguage\":\"es\",\"@id\":\"https:\/\/www.iglesiamontededios.org.do\/deboras\/#\/schema\/logo\/image\/\",\"url\":\"https:\/\/www.iglesiamontededios.org.do\/deboras\/wp-content\/uploads\/2018\/12\/Deboras-Logo-2.png\",\"contentUrl\":\"https:\/\/www.iglesiamontededios.org.do\/deboras\/wp-content\/uploads\/2018\/12\/Deboras-Logo-2.png\",\"width\":620,\"height\":174,\"caption\":\"Iglesia Monte de Dios\"},\"image\":{\"@id\":\"https:\/\/www.iglesiamontededios.org.do\/deboras\/#\/schema\/logo\/image\/\"},\"sameAs\":[\"http:\/\/instagram.com\/pastoresbogaert\",\"http:\/\/www.youtube.com\/tvhorebministries\",\"https:\/\/www.facebook.com\/PastoresBogaert\",\"https:\/\/twitter.com\/PastoresBogaert\"]},{\"@type\":\"Person\",\"@id\":\"https:\/\/www.iglesiamontededios.org.do\/deboras\/#\/schema\/person\/22ec2d06354eeca1921596aeb4042ba7\",\"name\":\"deboras_admin\",\"image\":{\"@type\":\"ImageObject\",\"inLanguage\":\"es\",\"@id\":\"https:\/\/www.iglesiamontededios.org.do\/deboras\/#\/schema\/person\/image\/\",\"url\":\"https:\/\/secure.gravatar.com\/avatar\/2022049b1efdbc6a5e2f532d15a889a2?s=96&d=mm&r=g\",\"contentUrl\":\"https:\/\/secure.gravatar.com\/avatar\/2022049b1efdbc6a5e2f532d15a889a2?s=96&d=mm&r=g\",\"caption\":\"deboras_admin\"}}]}<\/script>\n<!-- \/ Yoast SEO plugin. -->","yoast_head_json":{"title":"No bajes la mirada porque hay un El\u00edas que ha sido enviado para bendecirte - D\u00e9boras Edificadoras del Reino","robots":{"index":"index","follow":"follow","max-snippet":"max-snippet:-1","max-image-preview":"max-image-preview:large","max-video-preview":"max-video-preview:-1"},"canonical":"https:\/\/www.iglesiamontededios.org.do\/deboras\/no-bajes-la-mirada-porque-hay-un-elias-que-ha-sido-enviado-para-bendecirte-4\/","og_locale":"es_ES","og_type":"article","og_title":"No bajes la mirada porque hay un El\u00edas que ha sido enviado para bendecirte - D\u00e9boras Edificadoras del Reino","og_description":"[vc_row][vc_column width=\u00bb2\/3&#8243;][vc_column_text] No escase\u00f3 la harina de la tinaja, ni el aceite de la vasija mengu\u00f3, conforme a la palabra que Jehov\u00e1 hab\u00eda dicho por medio de El\u00edas. 1 Reyes 17:16 La vida est\u00e1 llena de sorpresas agradables que llegan [&hellip;]","og_url":"https:\/\/www.iglesiamontededios.org.do\/deboras\/no-bajes-la-mirada-porque-hay-un-elias-que-ha-sido-enviado-para-bendecirte-4\/","og_site_name":"D\u00e9boras Edificadoras del Reino","article_publisher":"https:\/\/www.facebook.com\/PastoresBogaert","article_published_time":"2024-01-03T05:45:46+00:00","article_modified_time":"2024-12-30T21:58:49+00:00","author":"deboras_admin","twitter_card":"summary_large_image","twitter_creator":"@PastoresBogaert","twitter_site":"@PastoresBogaert","twitter_misc":{"Escrito por":"deboras_admin"},"schema":{"@context":"https:\/\/schema.org","@graph":[{"@type":"Article","@id":"https:\/\/www.iglesiamontededios.org.do\/deboras\/no-bajes-la-mirada-porque-hay-un-elias-que-ha-sido-enviado-para-bendecirte-4\/#article","isPartOf":{"@id":"https:\/\/www.iglesiamontededios.org.do\/deboras\/no-bajes-la-mirada-porque-hay-un-elias-que-ha-sido-enviado-para-bendecirte-4\/"},"author":{"name":"deboras_admin","@id":"https:\/\/www.iglesiamontededios.org.do\/deboras\/#\/schema\/person\/22ec2d06354eeca1921596aeb4042ba7"},"headline":"No bajes la mirada porque hay un El\u00edas que ha sido enviado para bendecirte","datePublished":"2024-01-03T05:45:46+00:00","dateModified":"2024-12-30T21:58:49+00:00","mainEntityOfPage":{"@id":"https:\/\/www.iglesiamontededios.org.do\/deboras\/no-bajes-la-mirada-porque-hay-un-elias-que-ha-sido-enviado-para-bendecirte-4\/"},"wordCount":361,"commentCount":0,"publisher":{"@id":"https:\/\/www.iglesiamontededios.org.do\/deboras\/#organization"},"articleSection":["Devocionales"],"inLanguage":"es","potentialAction":[{"@type":"CommentAction","name":"Comment","target":["https:\/\/www.iglesiamontededios.org.do\/deboras\/no-bajes-la-mirada-porque-hay-un-elias-que-ha-sido-enviado-para-bendecirte-4\/#respond"]}]},{"@type":"WebPage","@id":"https:\/\/www.iglesiamontededios.org.do\/deboras\/no-bajes-la-mirada-porque-hay-un-elias-que-ha-sido-enviado-para-bendecirte-4\/","url":"https:\/\/www.iglesiamontededios.org.do\/deboras\/no-bajes-la-mirada-porque-hay-un-elias-que-ha-sido-enviado-para-bendecirte-4\/","name":"No bajes la mirada porque hay un El\u00edas que ha sido enviado para bendecirte - D\u00e9boras Edificadoras del Reino","isPartOf":{"@id":"https:\/\/www.iglesiamontededios.org.do\/deboras\/#website"},"datePublished":"2024-01-03T05:45:46+00:00","dateModified":"2024-12-30T21:58:49+00:00","breadcrumb":{"@id":"https:\/\/www.iglesiamontededios.org.do\/deboras\/no-bajes-la-mirada-porque-hay-un-elias-que-ha-sido-enviado-para-bendecirte-4\/#breadcrumb"},"inLanguage":"es","potentialAction":[{"@type":"ReadAction","target":["https:\/\/www.iglesiamontededios.org.do\/deboras\/no-bajes-la-mirada-porque-hay-un-elias-que-ha-sido-enviado-para-bendecirte-4\/"]}]},{"@type":"BreadcrumbList","@id":"https:\/\/www.iglesiamontededios.org.do\/deboras\/no-bajes-la-mirada-porque-hay-un-elias-que-ha-sido-enviado-para-bendecirte-4\/#breadcrumb","itemListElement":[{"@type":"ListItem","position":1,"name":"Portada","item":"https:\/\/www.iglesiamontededios.org.do\/deboras\/"},{"@type":"ListItem","position":2,"name":"No bajes la mirada porque hay un El\u00edas que ha sido enviado para bendecirte"}]},{"@type":"WebSite","@id":"https:\/\/www.iglesiamontededios.org.do\/deboras\/#website","url":"https:\/\/www.iglesiamontededios.org.do\/deboras\/","name":"D\u00e9boras Edificadoras del Reino","description":"D\u00e9boras Iglesia Monte de Dios","publisher":{"@id":"https:\/\/www.iglesiamontededios.org.do\/deboras\/#organization"},"potentialAction":[{"@type":"SearchAction","target":{"@type":"EntryPoint","urlTemplate":"https:\/\/www.iglesiamontededios.org.do\/deboras\/?s={search_term_string}"},"query-input":"required name=search_term_string"}],"inLanguage":"es"},{"@type":"Organization","@id":"https:\/\/www.iglesiamontededios.org.do\/deboras\/#organization","name":"Iglesia Monte de Dios","url":"https:\/\/www.iglesiamontededios.org.do\/deboras\/","logo":{"@type":"ImageObject","inLanguage":"es","@id":"https:\/\/www.iglesiamontededios.org.do\/deboras\/#\/schema\/logo\/image\/","url":"https:\/\/www.iglesiamontededios.org.do\/deboras\/wp-content\/uploads\/2018\/12\/Deboras-Logo-2.png","contentUrl":"https:\/\/www.iglesiamontededios.org.do\/deboras\/wp-content\/uploads\/2018\/12\/Deboras-Logo-2.png","width":620,"height":174,"caption":"Iglesia Monte de Dios"},"image":{"@id":"https:\/\/www.iglesiamontededios.org.do\/deboras\/#\/schema\/logo\/image\/"},"sameAs":["http:\/\/instagram.com\/pastoresbogaert","http:\/\/www.youtube.com\/tvhorebministries","https:\/\/www.facebook.com\/PastoresBogaert","https:\/\/twitter.com\/PastoresBogaert"]},{"@type":"Person","@id":"https:\/\/www.iglesiamontededios.org.do\/deboras\/#\/schema\/person\/22ec2d06354eeca1921596aeb4042ba7","name":"deboras_admin","image":{"@type":"ImageObject","inLanguage":"es","@id":"https:\/\/www.iglesiamontededios.org.do\/deboras\/#\/schema\/person\/image\/","url":"https:\/\/secure.gravatar.com\/avatar\/2022049b1efdbc6a5e2f532d15a889a2?s=96&d=mm&r=g","contentUrl":"https:\/\/secure.gravatar.com\/avatar\/2022049b1efdbc6a5e2f532d15a889a2?s=96&d=mm&r=g","caption":"deboras_admin"}}]}},"_links":{"self":[{"href":"https:\/\/www.iglesiamontededios.org.do\/deboras\/wp-json\/wp\/v2\/posts\/22794"}],"collection":[{"href":"https:\/\/www.iglesiamontededios.org.do\/deboras\/wp-json\/wp\/v2\/posts"}],"about":[{"href":"https:\/\/www.iglesiamontededios.org.do\/deboras\/wp-json\/wp\/v2\/types\/post"}],"author":[{"embeddable":true,"href":"https:\/\/www.iglesiamontededios.org.do\/deboras\/wp-json\/wp\/v2\/users\/1"}],"replies":[{"embeddable":true,"href":"https:\/\/www.iglesiamontededios.org.do\/deboras\/wp-json\/wp\/v2\/comments?post=22794"}],"version-history":[{"count":1,"href":"https:\/\/www.iglesiamontededios.org.do\/deboras\/wp-json\/wp\/v2\/posts\/22794\/revisions"}],"predecessor-version":[{"id":22795,"href":"https:\/\/www.iglesiamontededios.org.do\/deboras\/wp-json\/wp\/v2\/posts\/22794\/revisions\/22795"}],"wp:attachment":[{"href":"https:\/\/www.iglesiamontededios.org.do\/deboras\/wp-json\/wp\/v2\/media?parent=22794"}],"wp:term":[{"taxonomy":"category","embeddable":true,"href":"https:\/\/www.iglesiamontededios.org.do\/deboras\/wp-json\/wp\/v2\/categories?post=22794"},{"taxonomy":"post_tag","embeddable":true,"href":"https:\/\/www.iglesiamontededios.org.do\/deboras\/wp-json\/wp\/v2\/tags?post=22794"}],"curies":[{"name":"wp","href":"https:\/\/api.w.org\/{rel}","templated":true}]}}