{"id":23982,"date":"2025-10-27T05:45:07","date_gmt":"2025-10-27T05:45:07","guid":{"rendered":"https:\/\/www.iglesiamontededios.org.do\/deboras\/?p=23982"},"modified":"2025-10-30T19:14:29","modified_gmt":"2025-10-30T19:14:29","slug":"il-attend-que-le-mot-sactive-et-soyons-porteurs-de-son-pouvoir-7","status":"publish","type":"post","link":"https:\/\/www.iglesiamontededios.org.do\/deboras\/il-attend-que-le-mot-sactive-et-soyons-porteurs-de-son-pouvoir-7\/","title":{"rendered":"Il attend que le mot s&#8217;active et soyons porteurs de son pouvoir"},"content":{"rendered":"<p>[vc_row][vc_column width=\u00bb2\/3&#8243;][vc_column_text]<strong><img loading=\"lazy\" class=\"alignnone wp-image-9073\" src=\"https:\/\/www.iglesiamontededios.org.do\/deboras\/wp-content\/uploads\/2018\/10\/arte-de-Devocional-espan\u0303ol-300x107.png\" alt=\"\" width=\"547\" height=\"195\" srcset=\"https:\/\/www.iglesiamontededios.org.do\/deboras\/wp-content\/uploads\/2018\/10\/arte-de-Devocional-espan\u0303ol-300x107.png 300w, https:\/\/www.iglesiamontededios.org.do\/deboras\/wp-content\/uploads\/2018\/10\/arte-de-Devocional-espan\u0303ol-768x273.png 768w, https:\/\/www.iglesiamontededios.org.do\/deboras\/wp-content\/uploads\/2018\/10\/arte-de-Devocional-espan\u0303ol-1024x364.png 1024w\" sizes=\"(max-width: 547px) 100vw, 547px\" \/><\/strong><\/p>\n<p><strong>Car le royaume de Dieu ne consiste pas en paroles, mais en puissance. 1 corinthiens 4 :20<\/strong><\/p>\n<p>Combien pr\u00e9dicant de Christ ? Combien de montrent-ils son pouvoir ? Nous sommes habitu\u00e9s \u00e0 entendre des sermons, mais non \u00e0 voir le pouvoir manifest\u00e9 par J\u00e9sus, lequel Il continue de d\u00e9clarer pour ceux-l\u00e0 pour ce qu&#8217;ils croient.<\/p>\n<p>L&#8217;\u00c9glise est pleine des personnes qui ont ch\u00e2tr\u00e9 le pouvoir, en ne croyant pas que J\u00e9sus gu\u00e9rit et lib\u00e8re, mais ce pouvoir n&#8217;est pas pour ce temps. Il y a un village qui croit en ce mensonge, en s&#8217;oubliant de son Mot. Parce qu&#8217;un \u00e9crit est que \u00abde Plus grandes choses feront dans mon Nom\u00bb. Il esp\u00e8re que le mot s&#8217;active et soyons porteurs de son pouvoir sans que des limites le mettent, en permettant qu&#8217;il agisse conform\u00e9ment \u00e0 son volont\u00e9.<\/p>\n<p>Donnons libert\u00e9 au Saint-Esprit, en permettant qu&#8217;il fait ce qui est habitu\u00e9 \u00e0 faire : t\u00e9moigner du pouvoir qui a \u00e9t\u00e9 fascin\u00e9 par l&#8217;\u00c9glise de Christ, pour que ceux qui ne croient pas, croient. Cassons les paradigmes \u00e0 ceux qui pensent qu&#8217;il n&#8217;existe pas, en leur d\u00e9montrant qu&#8217;Il est le m\u00eame d&#8217;aujourd&#8217;hui, demain et toujours.<\/p>\n<p>[\/vc_column_text][vc_empty_space height=\u00bb52px\u00bb][vc_row_inner][vc_column_inner width=\u00bb1\/2&#8243;][vc_single_image image=\u00bb9147&#8243; img_size=\u00bbmedium\u00bb onclick=\u00bbcustom_link\u00bb img_link_target=\u00bb_blank\u00bb link=\u00bbhttps:\/\/www.iglesiamontededios.org.do\/deboras\/devotion-quotidienne\/\u00bb][\/vc_column_inner][vc_column_inner width=\u00bb1\/2&#8243;][vc_single_image image=\u00bb9145&#8243; img_size=\u00bbmedium\u00bb onclick=\u00bbcustom_link\u00bb img_link_target=\u00bb_blank\u00bb link=\u00bbhttps:\/\/www.iglesiamontededios.org.do\/deboras\/daily-devotionals\/ \u00ab][\/vc_column_inner][\/vc_row_inner][\/vc_column][vc_column width=\u00bb1\/3&#8243;][vc_widget_sidebar sidebar_id=\u00bbside_spa\u00bb][\/vc_column][\/vc_row]<\/p>\n","protected":false},"excerpt":{"rendered":"<p>[vc_row][vc_column width=\u00bb2\/3&#8243;][vc_column_text] Car le royaume de Dieu ne consiste pas en paroles, mais en puissance. 1 corinthiens 4 :20 Combien pr\u00e9dicant de Christ ? Combien de montrent-ils son pouvoir ? Nous sommes habitu\u00e9s \u00e0 entendre des sermons, mais non \u00e0 [&hellip;]<\/p>\n","protected":false},"author":1,"featured_media":0,"comment_status":"open","ping_status":"open","sticky":false,"template":"","format":"standard","meta":[],"categories":[311],"tags":[],"yoast_head":"<!-- This site is optimized with the Yoast SEO plugin v19.11 - https:\/\/yoast.com\/wordpress\/plugins\/seo\/ -->\n<title>Il attend que le mot s&#039;active et soyons porteurs de son pouvoir - D\u00e9boras Edificadoras del Reino<\/title>\n<meta name=\"robots\" content=\"index, follow, max-snippet:-1, max-image-preview:large, max-video-preview:-1\" \/>\n<link rel=\"canonical\" href=\"https:\/\/www.iglesiamontededios.org.do\/deboras\/il-attend-que-le-mot-sactive-et-soyons-porteurs-de-son-pouvoir-7\/\" \/>\n<meta property=\"og:locale\" content=\"es_ES\" \/>\n<meta property=\"og:type\" content=\"article\" \/>\n<meta property=\"og:title\" content=\"Il attend que le mot s&#039;active et soyons porteurs de son pouvoir - D\u00e9boras Edificadoras del Reino\" \/>\n<meta property=\"og:description\" content=\"[vc_row][vc_column width=\u00bb2\/3&#8243;][vc_column_text] Car le royaume de Dieu ne consiste pas en paroles, mais en puissance. 1 corinthiens 4 :20 Combien pr\u00e9dicant de Christ ? Combien de montrent-ils son pouvoir ? Nous sommes habitu\u00e9s \u00e0 entendre des sermons, mais non \u00e0 [&hellip;]\" \/>\n<meta property=\"og:url\" content=\"https:\/\/www.iglesiamontededios.org.do\/deboras\/il-attend-que-le-mot-sactive-et-soyons-porteurs-de-son-pouvoir-7\/\" \/>\n<meta property=\"og:site_name\" content=\"D\u00e9boras Edificadoras del Reino\" \/>\n<meta property=\"article:publisher\" content=\"https:\/\/www.facebook.com\/PastoresBogaert\" \/>\n<meta property=\"article:published_time\" content=\"2025-10-27T05:45:07+00:00\" \/>\n<meta property=\"article:modified_time\" content=\"2025-10-30T19:14:29+00:00\" \/>\n<meta name=\"author\" content=\"deboras_admin\" \/>\n<meta name=\"twitter:card\" content=\"summary_large_image\" \/>\n<meta name=\"twitter:creator\" content=\"@PastoresBogaert\" \/>\n<meta name=\"twitter:site\" content=\"@PastoresBogaert\" \/>\n<meta name=\"twitter:label1\" content=\"Escrito por\" \/>\n\t<meta name=\"twitter:data1\" content=\"deboras_admin\" \/>\n\t<meta name=\"twitter:label2\" content=\"Tiempo de lectura\" \/>\n\t<meta name=\"twitter:data2\" content=\"2 minutos\" \/>\n<script type=\"application\/ld+json\" class=\"yoast-schema-graph\">{\"@context\":\"https:\/\/schema.org\",\"@graph\":[{\"@type\":\"Article\",\"@id\":\"https:\/\/www.iglesiamontededios.org.do\/deboras\/il-attend-que-le-mot-sactive-et-soyons-porteurs-de-son-pouvoir-7\/#article\",\"isPartOf\":{\"@id\":\"https:\/\/www.iglesiamontededios.org.do\/deboras\/il-attend-que-le-mot-sactive-et-soyons-porteurs-de-son-pouvoir-7\/\"},\"author\":{\"name\":\"deboras_admin\",\"@id\":\"https:\/\/www.iglesiamontededios.org.do\/deboras\/#\/schema\/person\/22ec2d06354eeca1921596aeb4042ba7\"},\"headline\":\"Il attend que le mot s&#8217;active et soyons porteurs de son pouvoir\",\"datePublished\":\"2025-10-27T05:45:07+00:00\",\"dateModified\":\"2025-10-30T19:14:29+00:00\",\"mainEntityOfPage\":{\"@id\":\"https:\/\/www.iglesiamontededios.org.do\/deboras\/il-attend-que-le-mot-sactive-et-soyons-porteurs-de-son-pouvoir-7\/\"},\"wordCount\":303,\"commentCount\":0,\"publisher\":{\"@id\":\"https:\/\/www.iglesiamontededios.org.do\/deboras\/#organization\"},\"articleSection\":[\"Devfrances\"],\"inLanguage\":\"es\",\"potentialAction\":[{\"@type\":\"CommentAction\",\"name\":\"Comment\",\"target\":[\"https:\/\/www.iglesiamontededios.org.do\/deboras\/il-attend-que-le-mot-sactive-et-soyons-porteurs-de-son-pouvoir-7\/#respond\"]}]},{\"@type\":\"WebPage\",\"@id\":\"https:\/\/www.iglesiamontededios.org.do\/deboras\/il-attend-que-le-mot-sactive-et-soyons-porteurs-de-son-pouvoir-7\/\",\"url\":\"https:\/\/www.iglesiamontededios.org.do\/deboras\/il-attend-que-le-mot-sactive-et-soyons-porteurs-de-son-pouvoir-7\/\",\"name\":\"Il attend que le mot s'active et soyons porteurs de son pouvoir - D\u00e9boras Edificadoras del Reino\",\"isPartOf\":{\"@id\":\"https:\/\/www.iglesiamontededios.org.do\/deboras\/#website\"},\"datePublished\":\"2025-10-27T05:45:07+00:00\",\"dateModified\":\"2025-10-30T19:14:29+00:00\",\"breadcrumb\":{\"@id\":\"https:\/\/www.iglesiamontededios.org.do\/deboras\/il-attend-que-le-mot-sactive-et-soyons-porteurs-de-son-pouvoir-7\/#breadcrumb\"},\"inLanguage\":\"es\",\"potentialAction\":[{\"@type\":\"ReadAction\",\"target\":[\"https:\/\/www.iglesiamontededios.org.do\/deboras\/il-attend-que-le-mot-sactive-et-soyons-porteurs-de-son-pouvoir-7\/\"]}]},{\"@type\":\"BreadcrumbList\",\"@id\":\"https:\/\/www.iglesiamontededios.org.do\/deboras\/il-attend-que-le-mot-sactive-et-soyons-porteurs-de-son-pouvoir-7\/#breadcrumb\",\"itemListElement\":[{\"@type\":\"ListItem\",\"position\":1,\"name\":\"Portada\",\"item\":\"https:\/\/www.iglesiamontededios.org.do\/deboras\/\"},{\"@type\":\"ListItem\",\"position\":2,\"name\":\"Il attend que le mot s&#8217;active et soyons porteurs de son pouvoir\"}]},{\"@type\":\"WebSite\",\"@id\":\"https:\/\/www.iglesiamontededios.org.do\/deboras\/#website\",\"url\":\"https:\/\/www.iglesiamontededios.org.do\/deboras\/\",\"name\":\"D\u00e9boras Edificadoras del Reino\",\"description\":\"D\u00e9boras Iglesia Monte de Dios\",\"publisher\":{\"@id\":\"https:\/\/www.iglesiamontededios.org.do\/deboras\/#organization\"},\"potentialAction\":[{\"@type\":\"SearchAction\",\"target\":{\"@type\":\"EntryPoint\",\"urlTemplate\":\"https:\/\/www.iglesiamontededios.org.do\/deboras\/?s={search_term_string}\"},\"query-input\":\"required name=search_term_string\"}],\"inLanguage\":\"es\"},{\"@type\":\"Organization\",\"@id\":\"https:\/\/www.iglesiamontededios.org.do\/deboras\/#organization\",\"name\":\"Iglesia Monte de Dios\",\"url\":\"https:\/\/www.iglesiamontededios.org.do\/deboras\/\",\"logo\":{\"@type\":\"ImageObject\",\"inLanguage\":\"es\",\"@id\":\"https:\/\/www.iglesiamontededios.org.do\/deboras\/#\/schema\/logo\/image\/\",\"url\":\"https:\/\/www.iglesiamontededios.org.do\/deboras\/wp-content\/uploads\/2018\/12\/Deboras-Logo-2.png\",\"contentUrl\":\"https:\/\/www.iglesiamontededios.org.do\/deboras\/wp-content\/uploads\/2018\/12\/Deboras-Logo-2.png\",\"width\":620,\"height\":174,\"caption\":\"Iglesia Monte de Dios\"},\"image\":{\"@id\":\"https:\/\/www.iglesiamontededios.org.do\/deboras\/#\/schema\/logo\/image\/\"},\"sameAs\":[\"http:\/\/instagram.com\/pastoresbogaert\",\"http:\/\/www.youtube.com\/tvhorebministries\",\"https:\/\/www.facebook.com\/PastoresBogaert\",\"https:\/\/twitter.com\/PastoresBogaert\"]},{\"@type\":\"Person\",\"@id\":\"https:\/\/www.iglesiamontededios.org.do\/deboras\/#\/schema\/person\/22ec2d06354eeca1921596aeb4042ba7\",\"name\":\"deboras_admin\",\"image\":{\"@type\":\"ImageObject\",\"inLanguage\":\"es\",\"@id\":\"https:\/\/www.iglesiamontededios.org.do\/deboras\/#\/schema\/person\/image\/\",\"url\":\"https:\/\/secure.gravatar.com\/avatar\/2022049b1efdbc6a5e2f532d15a889a2?s=96&d=mm&r=g\",\"contentUrl\":\"https:\/\/secure.gravatar.com\/avatar\/2022049b1efdbc6a5e2f532d15a889a2?s=96&d=mm&r=g\",\"caption\":\"deboras_admin\"}}]}<\/script>\n<!-- \/ Yoast SEO plugin. -->","yoast_head_json":{"title":"Il attend que le mot s'active et soyons porteurs de son pouvoir - D\u00e9boras Edificadoras del Reino","robots":{"index":"index","follow":"follow","max-snippet":"max-snippet:-1","max-image-preview":"max-image-preview:large","max-video-preview":"max-video-preview:-1"},"canonical":"https:\/\/www.iglesiamontededios.org.do\/deboras\/il-attend-que-le-mot-sactive-et-soyons-porteurs-de-son-pouvoir-7\/","og_locale":"es_ES","og_type":"article","og_title":"Il attend que le mot s'active et soyons porteurs de son pouvoir - D\u00e9boras Edificadoras del Reino","og_description":"[vc_row][vc_column width=\u00bb2\/3&#8243;][vc_column_text] Car le royaume de Dieu ne consiste pas en paroles, mais en puissance. 1 corinthiens 4 :20 Combien pr\u00e9dicant de Christ ? Combien de montrent-ils son pouvoir ? Nous sommes habitu\u00e9s \u00e0 entendre des sermons, mais non \u00e0 [&hellip;]","og_url":"https:\/\/www.iglesiamontededios.org.do\/deboras\/il-attend-que-le-mot-sactive-et-soyons-porteurs-de-son-pouvoir-7\/","og_site_name":"D\u00e9boras Edificadoras del Reino","article_publisher":"https:\/\/www.facebook.com\/PastoresBogaert","article_published_time":"2025-10-27T05:45:07+00:00","article_modified_time":"2025-10-30T19:14:29+00:00","author":"deboras_admin","twitter_card":"summary_large_image","twitter_creator":"@PastoresBogaert","twitter_site":"@PastoresBogaert","twitter_misc":{"Escrito por":"deboras_admin","Tiempo de lectura":"2 minutos"},"schema":{"@context":"https:\/\/schema.org","@graph":[{"@type":"Article","@id":"https:\/\/www.iglesiamontededios.org.do\/deboras\/il-attend-que-le-mot-sactive-et-soyons-porteurs-de-son-pouvoir-7\/#article","isPartOf":{"@id":"https:\/\/www.iglesiamontededios.org.do\/deboras\/il-attend-que-le-mot-sactive-et-soyons-porteurs-de-son-pouvoir-7\/"},"author":{"name":"deboras_admin","@id":"https:\/\/www.iglesiamontededios.org.do\/deboras\/#\/schema\/person\/22ec2d06354eeca1921596aeb4042ba7"},"headline":"Il attend que le mot s&#8217;active et soyons porteurs de son pouvoir","datePublished":"2025-10-27T05:45:07+00:00","dateModified":"2025-10-30T19:14:29+00:00","mainEntityOfPage":{"@id":"https:\/\/www.iglesiamontededios.org.do\/deboras\/il-attend-que-le-mot-sactive-et-soyons-porteurs-de-son-pouvoir-7\/"},"wordCount":303,"commentCount":0,"publisher":{"@id":"https:\/\/www.iglesiamontededios.org.do\/deboras\/#organization"},"articleSection":["Devfrances"],"inLanguage":"es","potentialAction":[{"@type":"CommentAction","name":"Comment","target":["https:\/\/www.iglesiamontededios.org.do\/deboras\/il-attend-que-le-mot-sactive-et-soyons-porteurs-de-son-pouvoir-7\/#respond"]}]},{"@type":"WebPage","@id":"https:\/\/www.iglesiamontededios.org.do\/deboras\/il-attend-que-le-mot-sactive-et-soyons-porteurs-de-son-pouvoir-7\/","url":"https:\/\/www.iglesiamontededios.org.do\/deboras\/il-attend-que-le-mot-sactive-et-soyons-porteurs-de-son-pouvoir-7\/","name":"Il attend que le mot s'active et soyons porteurs de son pouvoir - D\u00e9boras Edificadoras del Reino","isPartOf":{"@id":"https:\/\/www.iglesiamontededios.org.do\/deboras\/#website"},"datePublished":"2025-10-27T05:45:07+00:00","dateModified":"2025-10-30T19:14:29+00:00","breadcrumb":{"@id":"https:\/\/www.iglesiamontededios.org.do\/deboras\/il-attend-que-le-mot-sactive-et-soyons-porteurs-de-son-pouvoir-7\/#breadcrumb"},"inLanguage":"es","potentialAction":[{"@type":"ReadAction","target":["https:\/\/www.iglesiamontededios.org.do\/deboras\/il-attend-que-le-mot-sactive-et-soyons-porteurs-de-son-pouvoir-7\/"]}]},{"@type":"BreadcrumbList","@id":"https:\/\/www.iglesiamontededios.org.do\/deboras\/il-attend-que-le-mot-sactive-et-soyons-porteurs-de-son-pouvoir-7\/#breadcrumb","itemListElement":[{"@type":"ListItem","position":1,"name":"Portada","item":"https:\/\/www.iglesiamontededios.org.do\/deboras\/"},{"@type":"ListItem","position":2,"name":"Il attend que le mot s&#8217;active et soyons porteurs de son pouvoir"}]},{"@type":"WebSite","@id":"https:\/\/www.iglesiamontededios.org.do\/deboras\/#website","url":"https:\/\/www.iglesiamontededios.org.do\/deboras\/","name":"D\u00e9boras Edificadoras del Reino","description":"D\u00e9boras Iglesia Monte de Dios","publisher":{"@id":"https:\/\/www.iglesiamontededios.org.do\/deboras\/#organization"},"potentialAction":[{"@type":"SearchAction","target":{"@type":"EntryPoint","urlTemplate":"https:\/\/www.iglesiamontededios.org.do\/deboras\/?s={search_term_string}"},"query-input":"required name=search_term_string"}],"inLanguage":"es"},{"@type":"Organization","@id":"https:\/\/www.iglesiamontededios.org.do\/deboras\/#organization","name":"Iglesia Monte de Dios","url":"https:\/\/www.iglesiamontededios.org.do\/deboras\/","logo":{"@type":"ImageObject","inLanguage":"es","@id":"https:\/\/www.iglesiamontededios.org.do\/deboras\/#\/schema\/logo\/image\/","url":"https:\/\/www.iglesiamontededios.org.do\/deboras\/wp-content\/uploads\/2018\/12\/Deboras-Logo-2.png","contentUrl":"https:\/\/www.iglesiamontededios.org.do\/deboras\/wp-content\/uploads\/2018\/12\/Deboras-Logo-2.png","width":620,"height":174,"caption":"Iglesia Monte de Dios"},"image":{"@id":"https:\/\/www.iglesiamontededios.org.do\/deboras\/#\/schema\/logo\/image\/"},"sameAs":["http:\/\/instagram.com\/pastoresbogaert","http:\/\/www.youtube.com\/tvhorebministries","https:\/\/www.facebook.com\/PastoresBogaert","https:\/\/twitter.com\/PastoresBogaert"]},{"@type":"Person","@id":"https:\/\/www.iglesiamontededios.org.do\/deboras\/#\/schema\/person\/22ec2d06354eeca1921596aeb4042ba7","name":"deboras_admin","image":{"@type":"ImageObject","inLanguage":"es","@id":"https:\/\/www.iglesiamontededios.org.do\/deboras\/#\/schema\/person\/image\/","url":"https:\/\/secure.gravatar.com\/avatar\/2022049b1efdbc6a5e2f532d15a889a2?s=96&d=mm&r=g","contentUrl":"https:\/\/secure.gravatar.com\/avatar\/2022049b1efdbc6a5e2f532d15a889a2?s=96&d=mm&r=g","caption":"deboras_admin"}}]}},"_links":{"self":[{"href":"https:\/\/www.iglesiamontededios.org.do\/deboras\/wp-json\/wp\/v2\/posts\/23982"}],"collection":[{"href":"https:\/\/www.iglesiamontededios.org.do\/deboras\/wp-json\/wp\/v2\/posts"}],"about":[{"href":"https:\/\/www.iglesiamontededios.org.do\/deboras\/wp-json\/wp\/v2\/types\/post"}],"author":[{"embeddable":true,"href":"https:\/\/www.iglesiamontededios.org.do\/deboras\/wp-json\/wp\/v2\/users\/1"}],"replies":[{"embeddable":true,"href":"https:\/\/www.iglesiamontededios.org.do\/deboras\/wp-json\/wp\/v2\/comments?post=23982"}],"version-history":[{"count":2,"href":"https:\/\/www.iglesiamontededios.org.do\/deboras\/wp-json\/wp\/v2\/posts\/23982\/revisions"}],"predecessor-version":[{"id":23984,"href":"https:\/\/www.iglesiamontededios.org.do\/deboras\/wp-json\/wp\/v2\/posts\/23982\/revisions\/23984"}],"wp:attachment":[{"href":"https:\/\/www.iglesiamontededios.org.do\/deboras\/wp-json\/wp\/v2\/media?parent=23982"}],"wp:term":[{"taxonomy":"category","embeddable":true,"href":"https:\/\/www.iglesiamontededios.org.do\/deboras\/wp-json\/wp\/v2\/categories?post=23982"},{"taxonomy":"post_tag","embeddable":true,"href":"https:\/\/www.iglesiamontededios.org.do\/deboras\/wp-json\/wp\/v2\/tags?post=23982"}],"curies":[{"name":"wp","href":"https:\/\/api.w.org\/{rel}","templated":true}]}}