{"id":23987,"date":"2025-10-29T05:45:12","date_gmt":"2025-10-29T05:45:12","guid":{"rendered":"https:\/\/www.iglesiamontededios.org.do\/deboras\/?p=23987"},"modified":"2025-10-30T19:17:18","modified_gmt":"2025-10-30T19:17:18","slug":"en-donnant-le-fruit-dune-vie-qui-sest-rendue-pour-quil-soit-exalte-7","status":"publish","type":"post","link":"https:\/\/www.iglesiamontededios.org.do\/deboras\/en-donnant-le-fruit-dune-vie-qui-sest-rendue-pour-quil-soit-exalte-7\/","title":{"rendered":"En donnant le fruit d&#8217;une vie qui s&#8217;est rendue pour qu&#8217;Il soit exalt\u00e9"},"content":{"rendered":"<p>[vc_row][vc_column width=\u00bb2\/3&#8243;][vc_column_text]<strong><img loading=\"lazy\" class=\"alignnone wp-image-9073\" src=\"https:\/\/www.iglesiamontededios.org.do\/deboras\/wp-content\/uploads\/2018\/10\/arte-de-Devocional-espan\u0303ol-300x107.png\" alt=\"\" width=\"547\" height=\"195\" srcset=\"https:\/\/www.iglesiamontededios.org.do\/deboras\/wp-content\/uploads\/2018\/10\/arte-de-Devocional-espan\u0303ol-300x107.png 300w, https:\/\/www.iglesiamontededios.org.do\/deboras\/wp-content\/uploads\/2018\/10\/arte-de-Devocional-espan\u0303ol-768x273.png 768w, https:\/\/www.iglesiamontededios.org.do\/deboras\/wp-content\/uploads\/2018\/10\/arte-de-Devocional-espan\u0303ol-1024x364.png 1024w\" sizes=\"(max-width: 547px) 100vw, 547px\" \/><\/strong><\/p>\n<p><strong>Humiliez-vous devant le Seigneur, et il vous \u00e9l\u00e8vera. Jacques 4 :10<\/strong><\/p>\n<p>Non tous sommes dispos\u00e9s \u00e0 nous humilier, en reconnaissant que nous avons ind\u00fbment mis en action et que nous avons \u00e0 r\u00e9parer cette action parce que Dieu ne l&#8217;approuve pas. Nous humilier il est d&#8217;accepter, est de reconna\u00eetre que nous ne l&#8217;avons pas fait bien et que nous sommes dispos\u00e9s \u00e0 assumer la responsabilit\u00e9 des faits pour corriger n&#8217;importe quel dommage ou cons\u00e9quence de nos actions, conscientes ou inconscient, mais que sont l\u00e0 et ils ne peuvent pas se cacher.<\/p>\n<p>Nous faire il ne fait pas honte \u00e0 cela. Au contraire, il nous exalte devant la pr\u00e9sence de Dieu, parce que nous avons laiss\u00e9 place l&#8217;orgueil pour \u00eatre humbles. Puisque la grandeur de l&#8217;homme est dans reconna\u00eetre et dans accepter ses fautes, non dans les cacher ou non dans devenir l&#8217;indiff\u00e9rent en sachant qu&#8217;il a agi mal.<\/p>\n<p>Quand nous le faisons nous d\u00e9montrons que nous avons \u00e9t\u00e9 chang\u00e9s et transform\u00e9s, que notre ego ne peut pas nous dominer, parce que nous voulons \u00eatre comme Christ, en refl\u00e9tant Son caract\u00e8re et en donnant le fruit d&#8217;une vie qui s&#8217;est rendue pour qu&#8217;Il soit exalt\u00e9.<\/p>\n<p>[\/vc_column_text][vc_empty_space height=\u00bb52px\u00bb][vc_row_inner][vc_column_inner width=\u00bb1\/2&#8243;][vc_single_image image=\u00bb9147&#8243; img_size=\u00bbmedium\u00bb onclick=\u00bbcustom_link\u00bb img_link_target=\u00bb_blank\u00bb link=\u00bbhttps:\/\/www.iglesiamontededios.org.do\/deboras\/devotion-quotidienne\/\u00bb][\/vc_column_inner][vc_column_inner width=\u00bb1\/2&#8243;][vc_single_image image=\u00bb9145&#8243; img_size=\u00bbmedium\u00bb onclick=\u00bbcustom_link\u00bb img_link_target=\u00bb_blank\u00bb link=\u00bbhttps:\/\/www.iglesiamontededios.org.do\/deboras\/daily-devotionals\/ \u00ab][\/vc_column_inner][\/vc_row_inner][\/vc_column][vc_column width=\u00bb1\/3&#8243;][vc_widget_sidebar sidebar_id=\u00bbside_spa\u00bb][\/vc_column][\/vc_row]<\/p>\n","protected":false},"excerpt":{"rendered":"<p>[vc_row][vc_column width=\u00bb2\/3&#8243;][vc_column_text] Humiliez-vous devant le Seigneur, et il vous \u00e9l\u00e8vera. Jacques 4 :10 Non tous sommes dispos\u00e9s \u00e0 nous humilier, en reconnaissant que nous avons ind\u00fbment mis en action et que nous avons \u00e0 r\u00e9parer cette action parce que Dieu [&hellip;]<\/p>\n","protected":false},"author":1,"featured_media":0,"comment_status":"open","ping_status":"open","sticky":false,"template":"","format":"standard","meta":[],"categories":[311],"tags":[],"yoast_head":"<!-- This site is optimized with the Yoast SEO plugin v19.11 - https:\/\/yoast.com\/wordpress\/plugins\/seo\/ -->\n<title>En donnant le fruit d&#039;une vie qui s&#039;est rendue pour qu&#039;Il soit exalt\u00e9 - D\u00e9boras Edificadoras del Reino<\/title>\n<meta name=\"robots\" content=\"index, follow, max-snippet:-1, max-image-preview:large, max-video-preview:-1\" \/>\n<link rel=\"canonical\" href=\"https:\/\/www.iglesiamontededios.org.do\/deboras\/en-donnant-le-fruit-dune-vie-qui-sest-rendue-pour-quil-soit-exalte-7\/\" \/>\n<meta property=\"og:locale\" content=\"es_ES\" \/>\n<meta property=\"og:type\" content=\"article\" \/>\n<meta property=\"og:title\" content=\"En donnant le fruit d&#039;une vie qui s&#039;est rendue pour qu&#039;Il soit exalt\u00e9 - D\u00e9boras Edificadoras del Reino\" \/>\n<meta property=\"og:description\" content=\"[vc_row][vc_column width=\u00bb2\/3&#8243;][vc_column_text] Humiliez-vous devant le Seigneur, et il vous \u00e9l\u00e8vera. Jacques 4 :10 Non tous sommes dispos\u00e9s \u00e0 nous humilier, en reconnaissant que nous avons ind\u00fbment mis en action et que nous avons \u00e0 r\u00e9parer cette action parce que Dieu [&hellip;]\" \/>\n<meta property=\"og:url\" content=\"https:\/\/www.iglesiamontededios.org.do\/deboras\/en-donnant-le-fruit-dune-vie-qui-sest-rendue-pour-quil-soit-exalte-7\/\" \/>\n<meta property=\"og:site_name\" content=\"D\u00e9boras Edificadoras del Reino\" \/>\n<meta property=\"article:publisher\" content=\"https:\/\/www.facebook.com\/PastoresBogaert\" \/>\n<meta property=\"article:published_time\" content=\"2025-10-29T05:45:12+00:00\" \/>\n<meta property=\"article:modified_time\" content=\"2025-10-30T19:17:18+00:00\" \/>\n<meta name=\"author\" content=\"deboras_admin\" \/>\n<meta name=\"twitter:card\" content=\"summary_large_image\" \/>\n<meta name=\"twitter:creator\" content=\"@PastoresBogaert\" \/>\n<meta name=\"twitter:site\" content=\"@PastoresBogaert\" \/>\n<meta name=\"twitter:label1\" content=\"Escrito por\" \/>\n\t<meta name=\"twitter:data1\" content=\"deboras_admin\" \/>\n\t<meta name=\"twitter:label2\" content=\"Tiempo de lectura\" \/>\n\t<meta name=\"twitter:data2\" content=\"2 minutos\" \/>\n<script type=\"application\/ld+json\" class=\"yoast-schema-graph\">{\"@context\":\"https:\/\/schema.org\",\"@graph\":[{\"@type\":\"Article\",\"@id\":\"https:\/\/www.iglesiamontededios.org.do\/deboras\/en-donnant-le-fruit-dune-vie-qui-sest-rendue-pour-quil-soit-exalte-7\/#article\",\"isPartOf\":{\"@id\":\"https:\/\/www.iglesiamontededios.org.do\/deboras\/en-donnant-le-fruit-dune-vie-qui-sest-rendue-pour-quil-soit-exalte-7\/\"},\"author\":{\"name\":\"deboras_admin\",\"@id\":\"https:\/\/www.iglesiamontededios.org.do\/deboras\/#\/schema\/person\/22ec2d06354eeca1921596aeb4042ba7\"},\"headline\":\"En donnant le fruit d&#8217;une vie qui s&#8217;est rendue pour qu&#8217;Il soit exalt\u00e9\",\"datePublished\":\"2025-10-29T05:45:12+00:00\",\"dateModified\":\"2025-10-30T19:17:18+00:00\",\"mainEntityOfPage\":{\"@id\":\"https:\/\/www.iglesiamontededios.org.do\/deboras\/en-donnant-le-fruit-dune-vie-qui-sest-rendue-pour-quil-soit-exalte-7\/\"},\"wordCount\":312,\"commentCount\":0,\"publisher\":{\"@id\":\"https:\/\/www.iglesiamontededios.org.do\/deboras\/#organization\"},\"articleSection\":[\"Devfrances\"],\"inLanguage\":\"es\",\"potentialAction\":[{\"@type\":\"CommentAction\",\"name\":\"Comment\",\"target\":[\"https:\/\/www.iglesiamontededios.org.do\/deboras\/en-donnant-le-fruit-dune-vie-qui-sest-rendue-pour-quil-soit-exalte-7\/#respond\"]}]},{\"@type\":\"WebPage\",\"@id\":\"https:\/\/www.iglesiamontededios.org.do\/deboras\/en-donnant-le-fruit-dune-vie-qui-sest-rendue-pour-quil-soit-exalte-7\/\",\"url\":\"https:\/\/www.iglesiamontededios.org.do\/deboras\/en-donnant-le-fruit-dune-vie-qui-sest-rendue-pour-quil-soit-exalte-7\/\",\"name\":\"En donnant le fruit d'une vie qui s'est rendue pour qu'Il soit exalt\u00e9 - D\u00e9boras Edificadoras del Reino\",\"isPartOf\":{\"@id\":\"https:\/\/www.iglesiamontededios.org.do\/deboras\/#website\"},\"datePublished\":\"2025-10-29T05:45:12+00:00\",\"dateModified\":\"2025-10-30T19:17:18+00:00\",\"breadcrumb\":{\"@id\":\"https:\/\/www.iglesiamontededios.org.do\/deboras\/en-donnant-le-fruit-dune-vie-qui-sest-rendue-pour-quil-soit-exalte-7\/#breadcrumb\"},\"inLanguage\":\"es\",\"potentialAction\":[{\"@type\":\"ReadAction\",\"target\":[\"https:\/\/www.iglesiamontededios.org.do\/deboras\/en-donnant-le-fruit-dune-vie-qui-sest-rendue-pour-quil-soit-exalte-7\/\"]}]},{\"@type\":\"BreadcrumbList\",\"@id\":\"https:\/\/www.iglesiamontededios.org.do\/deboras\/en-donnant-le-fruit-dune-vie-qui-sest-rendue-pour-quil-soit-exalte-7\/#breadcrumb\",\"itemListElement\":[{\"@type\":\"ListItem\",\"position\":1,\"name\":\"Portada\",\"item\":\"https:\/\/www.iglesiamontededios.org.do\/deboras\/\"},{\"@type\":\"ListItem\",\"position\":2,\"name\":\"En donnant le fruit d&#8217;une vie qui s&#8217;est rendue pour qu&#8217;Il soit exalt\u00e9\"}]},{\"@type\":\"WebSite\",\"@id\":\"https:\/\/www.iglesiamontededios.org.do\/deboras\/#website\",\"url\":\"https:\/\/www.iglesiamontededios.org.do\/deboras\/\",\"name\":\"D\u00e9boras Edificadoras del Reino\",\"description\":\"D\u00e9boras Iglesia Monte de Dios\",\"publisher\":{\"@id\":\"https:\/\/www.iglesiamontededios.org.do\/deboras\/#organization\"},\"potentialAction\":[{\"@type\":\"SearchAction\",\"target\":{\"@type\":\"EntryPoint\",\"urlTemplate\":\"https:\/\/www.iglesiamontededios.org.do\/deboras\/?s={search_term_string}\"},\"query-input\":\"required name=search_term_string\"}],\"inLanguage\":\"es\"},{\"@type\":\"Organization\",\"@id\":\"https:\/\/www.iglesiamontededios.org.do\/deboras\/#organization\",\"name\":\"Iglesia Monte de Dios\",\"url\":\"https:\/\/www.iglesiamontededios.org.do\/deboras\/\",\"logo\":{\"@type\":\"ImageObject\",\"inLanguage\":\"es\",\"@id\":\"https:\/\/www.iglesiamontededios.org.do\/deboras\/#\/schema\/logo\/image\/\",\"url\":\"https:\/\/www.iglesiamontededios.org.do\/deboras\/wp-content\/uploads\/2018\/12\/Deboras-Logo-2.png\",\"contentUrl\":\"https:\/\/www.iglesiamontededios.org.do\/deboras\/wp-content\/uploads\/2018\/12\/Deboras-Logo-2.png\",\"width\":620,\"height\":174,\"caption\":\"Iglesia Monte de Dios\"},\"image\":{\"@id\":\"https:\/\/www.iglesiamontededios.org.do\/deboras\/#\/schema\/logo\/image\/\"},\"sameAs\":[\"http:\/\/instagram.com\/pastoresbogaert\",\"http:\/\/www.youtube.com\/tvhorebministries\",\"https:\/\/www.facebook.com\/PastoresBogaert\",\"https:\/\/twitter.com\/PastoresBogaert\"]},{\"@type\":\"Person\",\"@id\":\"https:\/\/www.iglesiamontededios.org.do\/deboras\/#\/schema\/person\/22ec2d06354eeca1921596aeb4042ba7\",\"name\":\"deboras_admin\",\"image\":{\"@type\":\"ImageObject\",\"inLanguage\":\"es\",\"@id\":\"https:\/\/www.iglesiamontededios.org.do\/deboras\/#\/schema\/person\/image\/\",\"url\":\"https:\/\/secure.gravatar.com\/avatar\/2022049b1efdbc6a5e2f532d15a889a2?s=96&d=mm&r=g\",\"contentUrl\":\"https:\/\/secure.gravatar.com\/avatar\/2022049b1efdbc6a5e2f532d15a889a2?s=96&d=mm&r=g\",\"caption\":\"deboras_admin\"}}]}<\/script>\n<!-- \/ Yoast SEO plugin. -->","yoast_head_json":{"title":"En donnant le fruit d'une vie qui s'est rendue pour qu'Il soit exalt\u00e9 - D\u00e9boras Edificadoras del Reino","robots":{"index":"index","follow":"follow","max-snippet":"max-snippet:-1","max-image-preview":"max-image-preview:large","max-video-preview":"max-video-preview:-1"},"canonical":"https:\/\/www.iglesiamontededios.org.do\/deboras\/en-donnant-le-fruit-dune-vie-qui-sest-rendue-pour-quil-soit-exalte-7\/","og_locale":"es_ES","og_type":"article","og_title":"En donnant le fruit d'une vie qui s'est rendue pour qu'Il soit exalt\u00e9 - D\u00e9boras Edificadoras del Reino","og_description":"[vc_row][vc_column width=\u00bb2\/3&#8243;][vc_column_text] Humiliez-vous devant le Seigneur, et il vous \u00e9l\u00e8vera. Jacques 4 :10 Non tous sommes dispos\u00e9s \u00e0 nous humilier, en reconnaissant que nous avons ind\u00fbment mis en action et que nous avons \u00e0 r\u00e9parer cette action parce que Dieu [&hellip;]","og_url":"https:\/\/www.iglesiamontededios.org.do\/deboras\/en-donnant-le-fruit-dune-vie-qui-sest-rendue-pour-quil-soit-exalte-7\/","og_site_name":"D\u00e9boras Edificadoras del Reino","article_publisher":"https:\/\/www.facebook.com\/PastoresBogaert","article_published_time":"2025-10-29T05:45:12+00:00","article_modified_time":"2025-10-30T19:17:18+00:00","author":"deboras_admin","twitter_card":"summary_large_image","twitter_creator":"@PastoresBogaert","twitter_site":"@PastoresBogaert","twitter_misc":{"Escrito por":"deboras_admin","Tiempo de lectura":"2 minutos"},"schema":{"@context":"https:\/\/schema.org","@graph":[{"@type":"Article","@id":"https:\/\/www.iglesiamontededios.org.do\/deboras\/en-donnant-le-fruit-dune-vie-qui-sest-rendue-pour-quil-soit-exalte-7\/#article","isPartOf":{"@id":"https:\/\/www.iglesiamontededios.org.do\/deboras\/en-donnant-le-fruit-dune-vie-qui-sest-rendue-pour-quil-soit-exalte-7\/"},"author":{"name":"deboras_admin","@id":"https:\/\/www.iglesiamontededios.org.do\/deboras\/#\/schema\/person\/22ec2d06354eeca1921596aeb4042ba7"},"headline":"En donnant le fruit d&#8217;une vie qui s&#8217;est rendue pour qu&#8217;Il soit exalt\u00e9","datePublished":"2025-10-29T05:45:12+00:00","dateModified":"2025-10-30T19:17:18+00:00","mainEntityOfPage":{"@id":"https:\/\/www.iglesiamontededios.org.do\/deboras\/en-donnant-le-fruit-dune-vie-qui-sest-rendue-pour-quil-soit-exalte-7\/"},"wordCount":312,"commentCount":0,"publisher":{"@id":"https:\/\/www.iglesiamontededios.org.do\/deboras\/#organization"},"articleSection":["Devfrances"],"inLanguage":"es","potentialAction":[{"@type":"CommentAction","name":"Comment","target":["https:\/\/www.iglesiamontededios.org.do\/deboras\/en-donnant-le-fruit-dune-vie-qui-sest-rendue-pour-quil-soit-exalte-7\/#respond"]}]},{"@type":"WebPage","@id":"https:\/\/www.iglesiamontededios.org.do\/deboras\/en-donnant-le-fruit-dune-vie-qui-sest-rendue-pour-quil-soit-exalte-7\/","url":"https:\/\/www.iglesiamontededios.org.do\/deboras\/en-donnant-le-fruit-dune-vie-qui-sest-rendue-pour-quil-soit-exalte-7\/","name":"En donnant le fruit d'une vie qui s'est rendue pour qu'Il soit exalt\u00e9 - D\u00e9boras Edificadoras del Reino","isPartOf":{"@id":"https:\/\/www.iglesiamontededios.org.do\/deboras\/#website"},"datePublished":"2025-10-29T05:45:12+00:00","dateModified":"2025-10-30T19:17:18+00:00","breadcrumb":{"@id":"https:\/\/www.iglesiamontededios.org.do\/deboras\/en-donnant-le-fruit-dune-vie-qui-sest-rendue-pour-quil-soit-exalte-7\/#breadcrumb"},"inLanguage":"es","potentialAction":[{"@type":"ReadAction","target":["https:\/\/www.iglesiamontededios.org.do\/deboras\/en-donnant-le-fruit-dune-vie-qui-sest-rendue-pour-quil-soit-exalte-7\/"]}]},{"@type":"BreadcrumbList","@id":"https:\/\/www.iglesiamontededios.org.do\/deboras\/en-donnant-le-fruit-dune-vie-qui-sest-rendue-pour-quil-soit-exalte-7\/#breadcrumb","itemListElement":[{"@type":"ListItem","position":1,"name":"Portada","item":"https:\/\/www.iglesiamontededios.org.do\/deboras\/"},{"@type":"ListItem","position":2,"name":"En donnant le fruit d&#8217;une vie qui s&#8217;est rendue pour qu&#8217;Il soit exalt\u00e9"}]},{"@type":"WebSite","@id":"https:\/\/www.iglesiamontededios.org.do\/deboras\/#website","url":"https:\/\/www.iglesiamontededios.org.do\/deboras\/","name":"D\u00e9boras Edificadoras del Reino","description":"D\u00e9boras Iglesia Monte de Dios","publisher":{"@id":"https:\/\/www.iglesiamontededios.org.do\/deboras\/#organization"},"potentialAction":[{"@type":"SearchAction","target":{"@type":"EntryPoint","urlTemplate":"https:\/\/www.iglesiamontededios.org.do\/deboras\/?s={search_term_string}"},"query-input":"required name=search_term_string"}],"inLanguage":"es"},{"@type":"Organization","@id":"https:\/\/www.iglesiamontededios.org.do\/deboras\/#organization","name":"Iglesia Monte de Dios","url":"https:\/\/www.iglesiamontededios.org.do\/deboras\/","logo":{"@type":"ImageObject","inLanguage":"es","@id":"https:\/\/www.iglesiamontededios.org.do\/deboras\/#\/schema\/logo\/image\/","url":"https:\/\/www.iglesiamontededios.org.do\/deboras\/wp-content\/uploads\/2018\/12\/Deboras-Logo-2.png","contentUrl":"https:\/\/www.iglesiamontededios.org.do\/deboras\/wp-content\/uploads\/2018\/12\/Deboras-Logo-2.png","width":620,"height":174,"caption":"Iglesia Monte de Dios"},"image":{"@id":"https:\/\/www.iglesiamontededios.org.do\/deboras\/#\/schema\/logo\/image\/"},"sameAs":["http:\/\/instagram.com\/pastoresbogaert","http:\/\/www.youtube.com\/tvhorebministries","https:\/\/www.facebook.com\/PastoresBogaert","https:\/\/twitter.com\/PastoresBogaert"]},{"@type":"Person","@id":"https:\/\/www.iglesiamontededios.org.do\/deboras\/#\/schema\/person\/22ec2d06354eeca1921596aeb4042ba7","name":"deboras_admin","image":{"@type":"ImageObject","inLanguage":"es","@id":"https:\/\/www.iglesiamontededios.org.do\/deboras\/#\/schema\/person\/image\/","url":"https:\/\/secure.gravatar.com\/avatar\/2022049b1efdbc6a5e2f532d15a889a2?s=96&d=mm&r=g","contentUrl":"https:\/\/secure.gravatar.com\/avatar\/2022049b1efdbc6a5e2f532d15a889a2?s=96&d=mm&r=g","caption":"deboras_admin"}}]}},"_links":{"self":[{"href":"https:\/\/www.iglesiamontededios.org.do\/deboras\/wp-json\/wp\/v2\/posts\/23987"}],"collection":[{"href":"https:\/\/www.iglesiamontededios.org.do\/deboras\/wp-json\/wp\/v2\/posts"}],"about":[{"href":"https:\/\/www.iglesiamontededios.org.do\/deboras\/wp-json\/wp\/v2\/types\/post"}],"author":[{"embeddable":true,"href":"https:\/\/www.iglesiamontededios.org.do\/deboras\/wp-json\/wp\/v2\/users\/1"}],"replies":[{"embeddable":true,"href":"https:\/\/www.iglesiamontededios.org.do\/deboras\/wp-json\/wp\/v2\/comments?post=23987"}],"version-history":[{"count":1,"href":"https:\/\/www.iglesiamontededios.org.do\/deboras\/wp-json\/wp\/v2\/posts\/23987\/revisions"}],"predecessor-version":[{"id":23988,"href":"https:\/\/www.iglesiamontededios.org.do\/deboras\/wp-json\/wp\/v2\/posts\/23987\/revisions\/23988"}],"wp:attachment":[{"href":"https:\/\/www.iglesiamontededios.org.do\/deboras\/wp-json\/wp\/v2\/media?parent=23987"}],"wp:term":[{"taxonomy":"category","embeddable":true,"href":"https:\/\/www.iglesiamontededios.org.do\/deboras\/wp-json\/wp\/v2\/categories?post=23987"},{"taxonomy":"post_tag","embeddable":true,"href":"https:\/\/www.iglesiamontededios.org.do\/deboras\/wp-json\/wp\/v2\/tags?post=23987"}],"curies":[{"name":"wp","href":"https:\/\/api.w.org\/{rel}","templated":true}]}}