{"id":23989,"date":"2025-10-30T05:45:31","date_gmt":"2025-10-30T05:45:31","guid":{"rendered":"https:\/\/www.iglesiamontededios.org.do\/deboras\/?p=23989"},"modified":"2025-10-30T19:18:23","modified_gmt":"2025-10-30T19:18:23","slug":"ceux-quils-emportent-de-ces-principes-habiteront-avec-lui-6","status":"publish","type":"post","link":"https:\/\/www.iglesiamontededios.org.do\/deboras\/ceux-quils-emportent-de-ces-principes-habiteront-avec-lui-6\/","title":{"rendered":"Ceux qu&#8217;ils emportent de ces principes habiteront avec Lui"},"content":{"rendered":"<p>[vc_row][vc_column width=\u00bb2\/3&#8243;][vc_column_text]<strong><img loading=\"lazy\" class=\"alignnone wp-image-9073\" src=\"https:\/\/www.iglesiamontededios.org.do\/deboras\/wp-content\/uploads\/2018\/10\/arte-de-Devocional-espan\u0303ol-300x107.png\" alt=\"\" width=\"547\" height=\"195\" srcset=\"https:\/\/www.iglesiamontededios.org.do\/deboras\/wp-content\/uploads\/2018\/10\/arte-de-Devocional-espan\u0303ol-300x107.png 300w, https:\/\/www.iglesiamontededios.org.do\/deboras\/wp-content\/uploads\/2018\/10\/arte-de-Devocional-espan\u0303ol-768x273.png 768w, https:\/\/www.iglesiamontededios.org.do\/deboras\/wp-content\/uploads\/2018\/10\/arte-de-Devocional-espan\u0303ol-1024x364.png 1024w\" sizes=\"(max-width: 547px) 100vw, 547px\" \/><\/strong><\/p>\n<p><strong>O Eternel ! qui s\u00e9journera dans ta tente ? Qui demeurera sur ta montagne sainte ? Psaumes 15 :1<\/strong><\/p>\n<p>Il y a une s\u00e9rie de conditions que Dieu exige pour habiter dans Son pr\u00e9sence. Pas n&#8217;importe lequel peut habiter dans elle, parce que ce lieu est si saint et pur que le p\u00e9ch\u00e9 n&#8217;a pas d&#8217;espace l\u00e0. C&#8217;est un lieu spirituel que l&#8217;on forme quand nous vivons dans une justice, nous disons la v\u00e9rit\u00e9 de tout c\u0153ur, nous parlons de personne mal, nous n&#8217;offensons pas le voisin, n&#8217;acceptons pas de pot-de-vin et nous nous acquittons du promis.<\/p>\n<p>Tout cela fait que la m\u00eame gloire de Dieu ne s&#8217;\u00e9carte pas et habitons dans elle, parce qu&#8217;Il cherche ces c\u0153urs propres, ceux qui d\u00e9testent le malheur mais honorent ce qu&#8217;Il honore. Ainsi, il ne se mouvra jamais, en \u00e9tablissant une maison permanente.<\/p>\n<p>Par cela ceux qu&#8217;ils emportent de ces principes habiteront avec Lui. En plus qu&#8217;il ne s&#8217;\u00e9carte pas, mais la m\u00eame condition nous s\u00e9pare et ne nous permet pas d&#8217;entrer \u00e0 ce lieu choisi pour ceux qui sont dispos\u00e9s \u00e0 sacrifier tout et ont reconnu le privil\u00e8ge d&#8217;habiter dans son Montagne Sainte. L\u00e0 seulement ceux qui ont d\u00e9cid\u00e9 d&#8217;\u00eatre sanctifi\u00e9s et de se purifier, en lavant ses p\u00e9ch\u00e9s au moyen du sang de l&#8217;Agneau, ils pourront rester.<\/p>\n<p>[\/vc_column_text][vc_empty_space height=\u00bb52px\u00bb][vc_row_inner][vc_column_inner width=\u00bb1\/2&#8243;][vc_single_image image=\u00bb9147&#8243; img_size=\u00bbmedium\u00bb onclick=\u00bbcustom_link\u00bb img_link_target=\u00bb_blank\u00bb link=\u00bbhttps:\/\/www.iglesiamontededios.org.do\/deboras\/devotion-quotidienne\/\u00bb][\/vc_column_inner][vc_column_inner width=\u00bb1\/2&#8243;][vc_single_image image=\u00bb9145&#8243; img_size=\u00bbmedium\u00bb onclick=\u00bbcustom_link\u00bb img_link_target=\u00bb_blank\u00bb link=\u00bbhttps:\/\/www.iglesiamontededios.org.do\/deboras\/daily-devotionals\/ \u00ab][\/vc_column_inner][\/vc_row_inner][\/vc_column][vc_column width=\u00bb1\/3&#8243;][vc_widget_sidebar sidebar_id=\u00bbside_spa\u00bb][\/vc_column][\/vc_row]<\/p>\n","protected":false},"excerpt":{"rendered":"<p>[vc_row][vc_column width=\u00bb2\/3&#8243;][vc_column_text] O Eternel ! qui s\u00e9journera dans ta tente ? Qui demeurera sur ta montagne sainte ? Psaumes 15 :1 Il y a une s\u00e9rie de conditions que Dieu exige pour habiter dans Son pr\u00e9sence. Pas n&#8217;importe lequel peut [&hellip;]<\/p>\n","protected":false},"author":1,"featured_media":0,"comment_status":"open","ping_status":"open","sticky":false,"template":"","format":"standard","meta":[],"categories":[311],"tags":[],"yoast_head":"<!-- This site is optimized with the Yoast SEO plugin v19.11 - https:\/\/yoast.com\/wordpress\/plugins\/seo\/ -->\n<title>Ceux qu&#039;ils emportent de ces principes habiteront avec Lui - D\u00e9boras Edificadoras del Reino<\/title>\n<meta name=\"robots\" content=\"index, follow, max-snippet:-1, max-image-preview:large, max-video-preview:-1\" \/>\n<link rel=\"canonical\" href=\"https:\/\/www.iglesiamontededios.org.do\/deboras\/ceux-quils-emportent-de-ces-principes-habiteront-avec-lui-6\/\" \/>\n<meta property=\"og:locale\" content=\"es_ES\" \/>\n<meta property=\"og:type\" content=\"article\" \/>\n<meta property=\"og:title\" content=\"Ceux qu&#039;ils emportent de ces principes habiteront avec Lui - D\u00e9boras Edificadoras del Reino\" \/>\n<meta property=\"og:description\" content=\"[vc_row][vc_column width=\u00bb2\/3&#8243;][vc_column_text] O Eternel ! qui s\u00e9journera dans ta tente ? Qui demeurera sur ta montagne sainte ? Psaumes 15 :1 Il y a une s\u00e9rie de conditions que Dieu exige pour habiter dans Son pr\u00e9sence. Pas n&#8217;importe lequel peut [&hellip;]\" \/>\n<meta property=\"og:url\" content=\"https:\/\/www.iglesiamontededios.org.do\/deboras\/ceux-quils-emportent-de-ces-principes-habiteront-avec-lui-6\/\" \/>\n<meta property=\"og:site_name\" content=\"D\u00e9boras Edificadoras del Reino\" \/>\n<meta property=\"article:publisher\" content=\"https:\/\/www.facebook.com\/PastoresBogaert\" \/>\n<meta property=\"article:published_time\" content=\"2025-10-30T05:45:31+00:00\" \/>\n<meta property=\"article:modified_time\" content=\"2025-10-30T19:18:23+00:00\" \/>\n<meta name=\"author\" content=\"deboras_admin\" \/>\n<meta name=\"twitter:card\" content=\"summary_large_image\" \/>\n<meta name=\"twitter:creator\" content=\"@PastoresBogaert\" \/>\n<meta name=\"twitter:site\" content=\"@PastoresBogaert\" \/>\n<meta name=\"twitter:label1\" content=\"Escrito por\" \/>\n\t<meta name=\"twitter:data1\" content=\"deboras_admin\" \/>\n\t<meta name=\"twitter:label2\" content=\"Tiempo de lectura\" \/>\n\t<meta name=\"twitter:data2\" content=\"2 minutos\" \/>\n<script type=\"application\/ld+json\" class=\"yoast-schema-graph\">{\"@context\":\"https:\/\/schema.org\",\"@graph\":[{\"@type\":\"Article\",\"@id\":\"https:\/\/www.iglesiamontededios.org.do\/deboras\/ceux-quils-emportent-de-ces-principes-habiteront-avec-lui-6\/#article\",\"isPartOf\":{\"@id\":\"https:\/\/www.iglesiamontededios.org.do\/deboras\/ceux-quils-emportent-de-ces-principes-habiteront-avec-lui-6\/\"},\"author\":{\"name\":\"deboras_admin\",\"@id\":\"https:\/\/www.iglesiamontededios.org.do\/deboras\/#\/schema\/person\/22ec2d06354eeca1921596aeb4042ba7\"},\"headline\":\"Ceux qu&#8217;ils emportent de ces principes habiteront avec Lui\",\"datePublished\":\"2025-10-30T05:45:31+00:00\",\"dateModified\":\"2025-10-30T19:18:23+00:00\",\"mainEntityOfPage\":{\"@id\":\"https:\/\/www.iglesiamontededios.org.do\/deboras\/ceux-quils-emportent-de-ces-principes-habiteront-avec-lui-6\/\"},\"wordCount\":334,\"commentCount\":0,\"publisher\":{\"@id\":\"https:\/\/www.iglesiamontededios.org.do\/deboras\/#organization\"},\"articleSection\":[\"Devfrances\"],\"inLanguage\":\"es\",\"potentialAction\":[{\"@type\":\"CommentAction\",\"name\":\"Comment\",\"target\":[\"https:\/\/www.iglesiamontededios.org.do\/deboras\/ceux-quils-emportent-de-ces-principes-habiteront-avec-lui-6\/#respond\"]}]},{\"@type\":\"WebPage\",\"@id\":\"https:\/\/www.iglesiamontededios.org.do\/deboras\/ceux-quils-emportent-de-ces-principes-habiteront-avec-lui-6\/\",\"url\":\"https:\/\/www.iglesiamontededios.org.do\/deboras\/ceux-quils-emportent-de-ces-principes-habiteront-avec-lui-6\/\",\"name\":\"Ceux qu'ils emportent de ces principes habiteront avec Lui - D\u00e9boras Edificadoras del Reino\",\"isPartOf\":{\"@id\":\"https:\/\/www.iglesiamontededios.org.do\/deboras\/#website\"},\"datePublished\":\"2025-10-30T05:45:31+00:00\",\"dateModified\":\"2025-10-30T19:18:23+00:00\",\"breadcrumb\":{\"@id\":\"https:\/\/www.iglesiamontededios.org.do\/deboras\/ceux-quils-emportent-de-ces-principes-habiteront-avec-lui-6\/#breadcrumb\"},\"inLanguage\":\"es\",\"potentialAction\":[{\"@type\":\"ReadAction\",\"target\":[\"https:\/\/www.iglesiamontededios.org.do\/deboras\/ceux-quils-emportent-de-ces-principes-habiteront-avec-lui-6\/\"]}]},{\"@type\":\"BreadcrumbList\",\"@id\":\"https:\/\/www.iglesiamontededios.org.do\/deboras\/ceux-quils-emportent-de-ces-principes-habiteront-avec-lui-6\/#breadcrumb\",\"itemListElement\":[{\"@type\":\"ListItem\",\"position\":1,\"name\":\"Portada\",\"item\":\"https:\/\/www.iglesiamontededios.org.do\/deboras\/\"},{\"@type\":\"ListItem\",\"position\":2,\"name\":\"Ceux qu&#8217;ils emportent de ces principes habiteront avec Lui\"}]},{\"@type\":\"WebSite\",\"@id\":\"https:\/\/www.iglesiamontededios.org.do\/deboras\/#website\",\"url\":\"https:\/\/www.iglesiamontededios.org.do\/deboras\/\",\"name\":\"D\u00e9boras Edificadoras del Reino\",\"description\":\"D\u00e9boras Iglesia Monte de Dios\",\"publisher\":{\"@id\":\"https:\/\/www.iglesiamontededios.org.do\/deboras\/#organization\"},\"potentialAction\":[{\"@type\":\"SearchAction\",\"target\":{\"@type\":\"EntryPoint\",\"urlTemplate\":\"https:\/\/www.iglesiamontededios.org.do\/deboras\/?s={search_term_string}\"},\"query-input\":\"required name=search_term_string\"}],\"inLanguage\":\"es\"},{\"@type\":\"Organization\",\"@id\":\"https:\/\/www.iglesiamontededios.org.do\/deboras\/#organization\",\"name\":\"Iglesia Monte de Dios\",\"url\":\"https:\/\/www.iglesiamontededios.org.do\/deboras\/\",\"logo\":{\"@type\":\"ImageObject\",\"inLanguage\":\"es\",\"@id\":\"https:\/\/www.iglesiamontededios.org.do\/deboras\/#\/schema\/logo\/image\/\",\"url\":\"https:\/\/www.iglesiamontededios.org.do\/deboras\/wp-content\/uploads\/2018\/12\/Deboras-Logo-2.png\",\"contentUrl\":\"https:\/\/www.iglesiamontededios.org.do\/deboras\/wp-content\/uploads\/2018\/12\/Deboras-Logo-2.png\",\"width\":620,\"height\":174,\"caption\":\"Iglesia Monte de Dios\"},\"image\":{\"@id\":\"https:\/\/www.iglesiamontededios.org.do\/deboras\/#\/schema\/logo\/image\/\"},\"sameAs\":[\"http:\/\/instagram.com\/pastoresbogaert\",\"http:\/\/www.youtube.com\/tvhorebministries\",\"https:\/\/www.facebook.com\/PastoresBogaert\",\"https:\/\/twitter.com\/PastoresBogaert\"]},{\"@type\":\"Person\",\"@id\":\"https:\/\/www.iglesiamontededios.org.do\/deboras\/#\/schema\/person\/22ec2d06354eeca1921596aeb4042ba7\",\"name\":\"deboras_admin\",\"image\":{\"@type\":\"ImageObject\",\"inLanguage\":\"es\",\"@id\":\"https:\/\/www.iglesiamontededios.org.do\/deboras\/#\/schema\/person\/image\/\",\"url\":\"https:\/\/secure.gravatar.com\/avatar\/2022049b1efdbc6a5e2f532d15a889a2?s=96&d=mm&r=g\",\"contentUrl\":\"https:\/\/secure.gravatar.com\/avatar\/2022049b1efdbc6a5e2f532d15a889a2?s=96&d=mm&r=g\",\"caption\":\"deboras_admin\"}}]}<\/script>\n<!-- \/ Yoast SEO plugin. -->","yoast_head_json":{"title":"Ceux qu'ils emportent de ces principes habiteront avec Lui - D\u00e9boras Edificadoras del Reino","robots":{"index":"index","follow":"follow","max-snippet":"max-snippet:-1","max-image-preview":"max-image-preview:large","max-video-preview":"max-video-preview:-1"},"canonical":"https:\/\/www.iglesiamontededios.org.do\/deboras\/ceux-quils-emportent-de-ces-principes-habiteront-avec-lui-6\/","og_locale":"es_ES","og_type":"article","og_title":"Ceux qu'ils emportent de ces principes habiteront avec Lui - D\u00e9boras Edificadoras del Reino","og_description":"[vc_row][vc_column width=\u00bb2\/3&#8243;][vc_column_text] O Eternel ! qui s\u00e9journera dans ta tente ? Qui demeurera sur ta montagne sainte ? Psaumes 15 :1 Il y a une s\u00e9rie de conditions que Dieu exige pour habiter dans Son pr\u00e9sence. Pas n&#8217;importe lequel peut [&hellip;]","og_url":"https:\/\/www.iglesiamontededios.org.do\/deboras\/ceux-quils-emportent-de-ces-principes-habiteront-avec-lui-6\/","og_site_name":"D\u00e9boras Edificadoras del Reino","article_publisher":"https:\/\/www.facebook.com\/PastoresBogaert","article_published_time":"2025-10-30T05:45:31+00:00","article_modified_time":"2025-10-30T19:18:23+00:00","author":"deboras_admin","twitter_card":"summary_large_image","twitter_creator":"@PastoresBogaert","twitter_site":"@PastoresBogaert","twitter_misc":{"Escrito por":"deboras_admin","Tiempo de lectura":"2 minutos"},"schema":{"@context":"https:\/\/schema.org","@graph":[{"@type":"Article","@id":"https:\/\/www.iglesiamontededios.org.do\/deboras\/ceux-quils-emportent-de-ces-principes-habiteront-avec-lui-6\/#article","isPartOf":{"@id":"https:\/\/www.iglesiamontededios.org.do\/deboras\/ceux-quils-emportent-de-ces-principes-habiteront-avec-lui-6\/"},"author":{"name":"deboras_admin","@id":"https:\/\/www.iglesiamontededios.org.do\/deboras\/#\/schema\/person\/22ec2d06354eeca1921596aeb4042ba7"},"headline":"Ceux qu&#8217;ils emportent de ces principes habiteront avec Lui","datePublished":"2025-10-30T05:45:31+00:00","dateModified":"2025-10-30T19:18:23+00:00","mainEntityOfPage":{"@id":"https:\/\/www.iglesiamontededios.org.do\/deboras\/ceux-quils-emportent-de-ces-principes-habiteront-avec-lui-6\/"},"wordCount":334,"commentCount":0,"publisher":{"@id":"https:\/\/www.iglesiamontededios.org.do\/deboras\/#organization"},"articleSection":["Devfrances"],"inLanguage":"es","potentialAction":[{"@type":"CommentAction","name":"Comment","target":["https:\/\/www.iglesiamontededios.org.do\/deboras\/ceux-quils-emportent-de-ces-principes-habiteront-avec-lui-6\/#respond"]}]},{"@type":"WebPage","@id":"https:\/\/www.iglesiamontededios.org.do\/deboras\/ceux-quils-emportent-de-ces-principes-habiteront-avec-lui-6\/","url":"https:\/\/www.iglesiamontededios.org.do\/deboras\/ceux-quils-emportent-de-ces-principes-habiteront-avec-lui-6\/","name":"Ceux qu'ils emportent de ces principes habiteront avec Lui - D\u00e9boras Edificadoras del Reino","isPartOf":{"@id":"https:\/\/www.iglesiamontededios.org.do\/deboras\/#website"},"datePublished":"2025-10-30T05:45:31+00:00","dateModified":"2025-10-30T19:18:23+00:00","breadcrumb":{"@id":"https:\/\/www.iglesiamontededios.org.do\/deboras\/ceux-quils-emportent-de-ces-principes-habiteront-avec-lui-6\/#breadcrumb"},"inLanguage":"es","potentialAction":[{"@type":"ReadAction","target":["https:\/\/www.iglesiamontededios.org.do\/deboras\/ceux-quils-emportent-de-ces-principes-habiteront-avec-lui-6\/"]}]},{"@type":"BreadcrumbList","@id":"https:\/\/www.iglesiamontededios.org.do\/deboras\/ceux-quils-emportent-de-ces-principes-habiteront-avec-lui-6\/#breadcrumb","itemListElement":[{"@type":"ListItem","position":1,"name":"Portada","item":"https:\/\/www.iglesiamontededios.org.do\/deboras\/"},{"@type":"ListItem","position":2,"name":"Ceux qu&#8217;ils emportent de ces principes habiteront avec Lui"}]},{"@type":"WebSite","@id":"https:\/\/www.iglesiamontededios.org.do\/deboras\/#website","url":"https:\/\/www.iglesiamontededios.org.do\/deboras\/","name":"D\u00e9boras Edificadoras del Reino","description":"D\u00e9boras Iglesia Monte de Dios","publisher":{"@id":"https:\/\/www.iglesiamontededios.org.do\/deboras\/#organization"},"potentialAction":[{"@type":"SearchAction","target":{"@type":"EntryPoint","urlTemplate":"https:\/\/www.iglesiamontededios.org.do\/deboras\/?s={search_term_string}"},"query-input":"required name=search_term_string"}],"inLanguage":"es"},{"@type":"Organization","@id":"https:\/\/www.iglesiamontededios.org.do\/deboras\/#organization","name":"Iglesia Monte de Dios","url":"https:\/\/www.iglesiamontededios.org.do\/deboras\/","logo":{"@type":"ImageObject","inLanguage":"es","@id":"https:\/\/www.iglesiamontededios.org.do\/deboras\/#\/schema\/logo\/image\/","url":"https:\/\/www.iglesiamontededios.org.do\/deboras\/wp-content\/uploads\/2018\/12\/Deboras-Logo-2.png","contentUrl":"https:\/\/www.iglesiamontededios.org.do\/deboras\/wp-content\/uploads\/2018\/12\/Deboras-Logo-2.png","width":620,"height":174,"caption":"Iglesia Monte de Dios"},"image":{"@id":"https:\/\/www.iglesiamontededios.org.do\/deboras\/#\/schema\/logo\/image\/"},"sameAs":["http:\/\/instagram.com\/pastoresbogaert","http:\/\/www.youtube.com\/tvhorebministries","https:\/\/www.facebook.com\/PastoresBogaert","https:\/\/twitter.com\/PastoresBogaert"]},{"@type":"Person","@id":"https:\/\/www.iglesiamontededios.org.do\/deboras\/#\/schema\/person\/22ec2d06354eeca1921596aeb4042ba7","name":"deboras_admin","image":{"@type":"ImageObject","inLanguage":"es","@id":"https:\/\/www.iglesiamontededios.org.do\/deboras\/#\/schema\/person\/image\/","url":"https:\/\/secure.gravatar.com\/avatar\/2022049b1efdbc6a5e2f532d15a889a2?s=96&d=mm&r=g","contentUrl":"https:\/\/secure.gravatar.com\/avatar\/2022049b1efdbc6a5e2f532d15a889a2?s=96&d=mm&r=g","caption":"deboras_admin"}}]}},"_links":{"self":[{"href":"https:\/\/www.iglesiamontededios.org.do\/deboras\/wp-json\/wp\/v2\/posts\/23989"}],"collection":[{"href":"https:\/\/www.iglesiamontededios.org.do\/deboras\/wp-json\/wp\/v2\/posts"}],"about":[{"href":"https:\/\/www.iglesiamontededios.org.do\/deboras\/wp-json\/wp\/v2\/types\/post"}],"author":[{"embeddable":true,"href":"https:\/\/www.iglesiamontededios.org.do\/deboras\/wp-json\/wp\/v2\/users\/1"}],"replies":[{"embeddable":true,"href":"https:\/\/www.iglesiamontededios.org.do\/deboras\/wp-json\/wp\/v2\/comments?post=23989"}],"version-history":[{"count":2,"href":"https:\/\/www.iglesiamontededios.org.do\/deboras\/wp-json\/wp\/v2\/posts\/23989\/revisions"}],"predecessor-version":[{"id":23991,"href":"https:\/\/www.iglesiamontededios.org.do\/deboras\/wp-json\/wp\/v2\/posts\/23989\/revisions\/23991"}],"wp:attachment":[{"href":"https:\/\/www.iglesiamontededios.org.do\/deboras\/wp-json\/wp\/v2\/media?parent=23989"}],"wp:term":[{"taxonomy":"category","embeddable":true,"href":"https:\/\/www.iglesiamontededios.org.do\/deboras\/wp-json\/wp\/v2\/categories?post=23989"},{"taxonomy":"post_tag","embeddable":true,"href":"https:\/\/www.iglesiamontededios.org.do\/deboras\/wp-json\/wp\/v2\/tags?post=23989"}],"curies":[{"name":"wp","href":"https:\/\/api.w.org\/{rel}","templated":true}]}}