{"id":23994,"date":"2025-11-01T05:45:02","date_gmt":"2025-11-01T05:45:02","guid":{"rendered":"https:\/\/www.iglesiamontededios.org.do\/deboras\/?p=23994"},"modified":"2025-10-30T19:21:10","modified_gmt":"2025-10-30T19:21:10","slug":"il-y-a-plusieurs-qui-navancent-pas-en-restant-retardataires-dans-le-chemin-6","status":"publish","type":"post","link":"https:\/\/www.iglesiamontededios.org.do\/deboras\/il-y-a-plusieurs-qui-navancent-pas-en-restant-retardataires-dans-le-chemin-6\/","title":{"rendered":"Il y a plusieurs qui n&#8217;avancent pas en restant retardataires dans le chemin"},"content":{"rendered":"<p>[vc_row][vc_column width=\u00bb2\/3&#8243;][vc_column_text]<strong><img loading=\"lazy\" class=\"alignnone wp-image-9073\" src=\"https:\/\/www.iglesiamontededios.org.do\/deboras\/wp-content\/uploads\/2018\/10\/arte-de-Devocional-espan\u0303ol-300x107.png\" alt=\"\" width=\"547\" height=\"195\" srcset=\"https:\/\/www.iglesiamontededios.org.do\/deboras\/wp-content\/uploads\/2018\/10\/arte-de-Devocional-espan\u0303ol-300x107.png 300w, https:\/\/www.iglesiamontededios.org.do\/deboras\/wp-content\/uploads\/2018\/10\/arte-de-Devocional-espan\u0303ol-768x273.png 768w, https:\/\/www.iglesiamontededios.org.do\/deboras\/wp-content\/uploads\/2018\/10\/arte-de-Devocional-espan\u0303ol-1024x364.png 1024w\" sizes=\"(max-width: 547px) 100vw, 547px\" \/><\/strong><\/p>\n<p><strong>Ils ont l&#8217;intelligence obscurcie, ils sont \u00e9trangers \u00e0 la vie de Dieu, \u00e0 cause de l&#8217;ignorance qui est en eux, \u00e0 cause de l&#8217;endurcissement de leur c\u0153ur. Eph\u00e9siens 4 :18<\/strong><\/p>\n<p>Chaque homme a un propos que s&#8217;acquitter dans Christ, mais plusieurs fois voient limit\u00e9 par sa condition, ce qui fait qu&#8217;il reste dans une ignorance. Alors les ann\u00e9es passent sans voir de r\u00e9sultats, en laissant d\u00e9clar\u00e9 pour ce qu&#8217;il ne fait pas ce que Dieu lui a recommand\u00e9 faire.<\/p>\n<p>Cette connaissance n\u2019apprend pas dans les universit\u00e9s, les centres d&#8217;\u00e9tudes ou les programmes d&#8217;entra\u00eenement. Par cela, il n&#8217;importe pas combien d&#8217;\u00e9tudes nous avons; si nous n&#8217;avons pas de r\u00e9v\u00e9lation nous restons dans l&#8217;ignorance. Cela peut \u00eatre volontaire ou involontaire. Une volontaire est quand, en sachant que nous avons \u00e0 le faire, nous il ne faisons pas; involontaire est celle-l\u00e0 o\u00f9 une ignorance totale existe, jusqu&#8217;\u00e0 ce que le Saint- Esprit nous le r\u00e9v\u00e8le et il cesse d&#8217;\u00eatre.<\/p>\n<p>Par cela il y a plusieurs qui n&#8217;avancent pas. Ils restent retardataires dans le chemin, qui est Christ, puisqu&#8217;ils sont insensibles du c\u0153ur. Cela ne leur permet pas qu&#8217;ils cherchent la pr\u00e9sence de Dieu pour que les yeux de la compr\u00e9hension soient ouverts, pour qu&#8217;ils puissent entendre son propos et marchent dans pos de Lui. Dans ces cas on met en \u00e9vidence que nous suivons \u00e9gaux, parce que nous ne lui avons pas donn\u00e9 la valeur que cela a pour notre vie, en consid\u00e9rant que ce que nous connaissons est suffisant et plus il ne faut rien apprendre.<\/p>\n<p>[\/vc_column_text][vc_empty_space height=\u00bb52px\u00bb][vc_row_inner][vc_column_inner width=\u00bb1\/2&#8243;][vc_single_image image=\u00bb9147&#8243; img_size=\u00bbmedium\u00bb onclick=\u00bbcustom_link\u00bb img_link_target=\u00bb_blank\u00bb link=\u00bbhttps:\/\/www.iglesiamontededios.org.do\/deboras\/devotion-quotidienne\/\u00bb][\/vc_column_inner][vc_column_inner width=\u00bb1\/2&#8243;][vc_single_image image=\u00bb9145&#8243; img_size=\u00bbmedium\u00bb onclick=\u00bbcustom_link\u00bb img_link_target=\u00bb_blank\u00bb link=\u00bbhttps:\/\/www.iglesiamontededios.org.do\/deboras\/daily-devotionals\/ \u00ab][\/vc_column_inner][\/vc_row_inner][\/vc_column][vc_column width=\u00bb1\/3&#8243;][vc_widget_sidebar sidebar_id=\u00bbside_spa\u00bb][\/vc_column][\/vc_row]<\/p>\n","protected":false},"excerpt":{"rendered":"<p>[vc_row][vc_column width=\u00bb2\/3&#8243;][vc_column_text] Ils ont l&#8217;intelligence obscurcie, ils sont \u00e9trangers \u00e0 la vie de Dieu, \u00e0 cause de l&#8217;ignorance qui est en eux, \u00e0 cause de l&#8217;endurcissement de leur c\u0153ur. Eph\u00e9siens 4 :18 Chaque homme a un propos que s&#8217;acquitter dans [&hellip;]<\/p>\n","protected":false},"author":1,"featured_media":0,"comment_status":"open","ping_status":"open","sticky":false,"template":"","format":"standard","meta":[],"categories":[311],"tags":[],"yoast_head":"<!-- This site is optimized with the Yoast SEO plugin v19.11 - https:\/\/yoast.com\/wordpress\/plugins\/seo\/ -->\n<title>Il y a plusieurs qui n&#039;avancent pas en restant retardataires dans le chemin - D\u00e9boras Edificadoras del Reino<\/title>\n<meta name=\"robots\" content=\"index, follow, max-snippet:-1, max-image-preview:large, max-video-preview:-1\" \/>\n<link rel=\"canonical\" href=\"https:\/\/www.iglesiamontededios.org.do\/deboras\/il-y-a-plusieurs-qui-navancent-pas-en-restant-retardataires-dans-le-chemin-6\/\" \/>\n<meta property=\"og:locale\" content=\"es_ES\" \/>\n<meta property=\"og:type\" content=\"article\" \/>\n<meta property=\"og:title\" content=\"Il y a plusieurs qui n&#039;avancent pas en restant retardataires dans le chemin - D\u00e9boras Edificadoras del Reino\" \/>\n<meta property=\"og:description\" content=\"[vc_row][vc_column width=\u00bb2\/3&#8243;][vc_column_text] Ils ont l&#8217;intelligence obscurcie, ils sont \u00e9trangers \u00e0 la vie de Dieu, \u00e0 cause de l&#8217;ignorance qui est en eux, \u00e0 cause de l&#8217;endurcissement de leur c\u0153ur. Eph\u00e9siens 4 :18 Chaque homme a un propos que s&#8217;acquitter dans [&hellip;]\" \/>\n<meta property=\"og:url\" content=\"https:\/\/www.iglesiamontededios.org.do\/deboras\/il-y-a-plusieurs-qui-navancent-pas-en-restant-retardataires-dans-le-chemin-6\/\" \/>\n<meta property=\"og:site_name\" content=\"D\u00e9boras Edificadoras del Reino\" \/>\n<meta property=\"article:publisher\" content=\"https:\/\/www.facebook.com\/PastoresBogaert\" \/>\n<meta property=\"article:published_time\" content=\"2025-11-01T05:45:02+00:00\" \/>\n<meta property=\"article:modified_time\" content=\"2025-10-30T19:21:10+00:00\" \/>\n<meta name=\"author\" content=\"deboras_admin\" \/>\n<meta name=\"twitter:card\" content=\"summary_large_image\" \/>\n<meta name=\"twitter:creator\" content=\"@PastoresBogaert\" \/>\n<meta name=\"twitter:site\" content=\"@PastoresBogaert\" \/>\n<meta name=\"twitter:label1\" content=\"Escrito por\" \/>\n\t<meta name=\"twitter:data1\" content=\"deboras_admin\" \/>\n\t<meta name=\"twitter:label2\" content=\"Tiempo de lectura\" \/>\n\t<meta name=\"twitter:data2\" content=\"2 minutos\" \/>\n<script type=\"application\/ld+json\" class=\"yoast-schema-graph\">{\"@context\":\"https:\/\/schema.org\",\"@graph\":[{\"@type\":\"Article\",\"@id\":\"https:\/\/www.iglesiamontededios.org.do\/deboras\/il-y-a-plusieurs-qui-navancent-pas-en-restant-retardataires-dans-le-chemin-6\/#article\",\"isPartOf\":{\"@id\":\"https:\/\/www.iglesiamontededios.org.do\/deboras\/il-y-a-plusieurs-qui-navancent-pas-en-restant-retardataires-dans-le-chemin-6\/\"},\"author\":{\"name\":\"deboras_admin\",\"@id\":\"https:\/\/www.iglesiamontededios.org.do\/deboras\/#\/schema\/person\/22ec2d06354eeca1921596aeb4042ba7\"},\"headline\":\"Il y a plusieurs qui n&#8217;avancent pas en restant retardataires dans le chemin\",\"datePublished\":\"2025-11-01T05:45:02+00:00\",\"dateModified\":\"2025-10-30T19:21:10+00:00\",\"mainEntityOfPage\":{\"@id\":\"https:\/\/www.iglesiamontededios.org.do\/deboras\/il-y-a-plusieurs-qui-navancent-pas-en-restant-retardataires-dans-le-chemin-6\/\"},\"wordCount\":376,\"commentCount\":0,\"publisher\":{\"@id\":\"https:\/\/www.iglesiamontededios.org.do\/deboras\/#organization\"},\"articleSection\":[\"Devfrances\"],\"inLanguage\":\"es\",\"potentialAction\":[{\"@type\":\"CommentAction\",\"name\":\"Comment\",\"target\":[\"https:\/\/www.iglesiamontededios.org.do\/deboras\/il-y-a-plusieurs-qui-navancent-pas-en-restant-retardataires-dans-le-chemin-6\/#respond\"]}]},{\"@type\":\"WebPage\",\"@id\":\"https:\/\/www.iglesiamontededios.org.do\/deboras\/il-y-a-plusieurs-qui-navancent-pas-en-restant-retardataires-dans-le-chemin-6\/\",\"url\":\"https:\/\/www.iglesiamontededios.org.do\/deboras\/il-y-a-plusieurs-qui-navancent-pas-en-restant-retardataires-dans-le-chemin-6\/\",\"name\":\"Il y a plusieurs qui n'avancent pas en restant retardataires dans le chemin - D\u00e9boras Edificadoras del Reino\",\"isPartOf\":{\"@id\":\"https:\/\/www.iglesiamontededios.org.do\/deboras\/#website\"},\"datePublished\":\"2025-11-01T05:45:02+00:00\",\"dateModified\":\"2025-10-30T19:21:10+00:00\",\"breadcrumb\":{\"@id\":\"https:\/\/www.iglesiamontededios.org.do\/deboras\/il-y-a-plusieurs-qui-navancent-pas-en-restant-retardataires-dans-le-chemin-6\/#breadcrumb\"},\"inLanguage\":\"es\",\"potentialAction\":[{\"@type\":\"ReadAction\",\"target\":[\"https:\/\/www.iglesiamontededios.org.do\/deboras\/il-y-a-plusieurs-qui-navancent-pas-en-restant-retardataires-dans-le-chemin-6\/\"]}]},{\"@type\":\"BreadcrumbList\",\"@id\":\"https:\/\/www.iglesiamontededios.org.do\/deboras\/il-y-a-plusieurs-qui-navancent-pas-en-restant-retardataires-dans-le-chemin-6\/#breadcrumb\",\"itemListElement\":[{\"@type\":\"ListItem\",\"position\":1,\"name\":\"Portada\",\"item\":\"https:\/\/www.iglesiamontededios.org.do\/deboras\/\"},{\"@type\":\"ListItem\",\"position\":2,\"name\":\"Il y a plusieurs qui n&#8217;avancent pas en restant retardataires dans le chemin\"}]},{\"@type\":\"WebSite\",\"@id\":\"https:\/\/www.iglesiamontededios.org.do\/deboras\/#website\",\"url\":\"https:\/\/www.iglesiamontededios.org.do\/deboras\/\",\"name\":\"D\u00e9boras Edificadoras del Reino\",\"description\":\"D\u00e9boras Iglesia Monte de Dios\",\"publisher\":{\"@id\":\"https:\/\/www.iglesiamontededios.org.do\/deboras\/#organization\"},\"potentialAction\":[{\"@type\":\"SearchAction\",\"target\":{\"@type\":\"EntryPoint\",\"urlTemplate\":\"https:\/\/www.iglesiamontededios.org.do\/deboras\/?s={search_term_string}\"},\"query-input\":\"required name=search_term_string\"}],\"inLanguage\":\"es\"},{\"@type\":\"Organization\",\"@id\":\"https:\/\/www.iglesiamontededios.org.do\/deboras\/#organization\",\"name\":\"Iglesia Monte de Dios\",\"url\":\"https:\/\/www.iglesiamontededios.org.do\/deboras\/\",\"logo\":{\"@type\":\"ImageObject\",\"inLanguage\":\"es\",\"@id\":\"https:\/\/www.iglesiamontededios.org.do\/deboras\/#\/schema\/logo\/image\/\",\"url\":\"https:\/\/www.iglesiamontededios.org.do\/deboras\/wp-content\/uploads\/2018\/12\/Deboras-Logo-2.png\",\"contentUrl\":\"https:\/\/www.iglesiamontededios.org.do\/deboras\/wp-content\/uploads\/2018\/12\/Deboras-Logo-2.png\",\"width\":620,\"height\":174,\"caption\":\"Iglesia Monte de Dios\"},\"image\":{\"@id\":\"https:\/\/www.iglesiamontededios.org.do\/deboras\/#\/schema\/logo\/image\/\"},\"sameAs\":[\"http:\/\/instagram.com\/pastoresbogaert\",\"http:\/\/www.youtube.com\/tvhorebministries\",\"https:\/\/www.facebook.com\/PastoresBogaert\",\"https:\/\/twitter.com\/PastoresBogaert\"]},{\"@type\":\"Person\",\"@id\":\"https:\/\/www.iglesiamontededios.org.do\/deboras\/#\/schema\/person\/22ec2d06354eeca1921596aeb4042ba7\",\"name\":\"deboras_admin\",\"image\":{\"@type\":\"ImageObject\",\"inLanguage\":\"es\",\"@id\":\"https:\/\/www.iglesiamontededios.org.do\/deboras\/#\/schema\/person\/image\/\",\"url\":\"https:\/\/secure.gravatar.com\/avatar\/2022049b1efdbc6a5e2f532d15a889a2?s=96&d=mm&r=g\",\"contentUrl\":\"https:\/\/secure.gravatar.com\/avatar\/2022049b1efdbc6a5e2f532d15a889a2?s=96&d=mm&r=g\",\"caption\":\"deboras_admin\"}}]}<\/script>\n<!-- \/ Yoast SEO plugin. -->","yoast_head_json":{"title":"Il y a plusieurs qui n'avancent pas en restant retardataires dans le chemin - D\u00e9boras Edificadoras del Reino","robots":{"index":"index","follow":"follow","max-snippet":"max-snippet:-1","max-image-preview":"max-image-preview:large","max-video-preview":"max-video-preview:-1"},"canonical":"https:\/\/www.iglesiamontededios.org.do\/deboras\/il-y-a-plusieurs-qui-navancent-pas-en-restant-retardataires-dans-le-chemin-6\/","og_locale":"es_ES","og_type":"article","og_title":"Il y a plusieurs qui n'avancent pas en restant retardataires dans le chemin - D\u00e9boras Edificadoras del Reino","og_description":"[vc_row][vc_column width=\u00bb2\/3&#8243;][vc_column_text] Ils ont l&#8217;intelligence obscurcie, ils sont \u00e9trangers \u00e0 la vie de Dieu, \u00e0 cause de l&#8217;ignorance qui est en eux, \u00e0 cause de l&#8217;endurcissement de leur c\u0153ur. Eph\u00e9siens 4 :18 Chaque homme a un propos que s&#8217;acquitter dans [&hellip;]","og_url":"https:\/\/www.iglesiamontededios.org.do\/deboras\/il-y-a-plusieurs-qui-navancent-pas-en-restant-retardataires-dans-le-chemin-6\/","og_site_name":"D\u00e9boras Edificadoras del Reino","article_publisher":"https:\/\/www.facebook.com\/PastoresBogaert","article_published_time":"2025-11-01T05:45:02+00:00","article_modified_time":"2025-10-30T19:21:10+00:00","author":"deboras_admin","twitter_card":"summary_large_image","twitter_creator":"@PastoresBogaert","twitter_site":"@PastoresBogaert","twitter_misc":{"Escrito por":"deboras_admin","Tiempo de lectura":"2 minutos"},"schema":{"@context":"https:\/\/schema.org","@graph":[{"@type":"Article","@id":"https:\/\/www.iglesiamontededios.org.do\/deboras\/il-y-a-plusieurs-qui-navancent-pas-en-restant-retardataires-dans-le-chemin-6\/#article","isPartOf":{"@id":"https:\/\/www.iglesiamontededios.org.do\/deboras\/il-y-a-plusieurs-qui-navancent-pas-en-restant-retardataires-dans-le-chemin-6\/"},"author":{"name":"deboras_admin","@id":"https:\/\/www.iglesiamontededios.org.do\/deboras\/#\/schema\/person\/22ec2d06354eeca1921596aeb4042ba7"},"headline":"Il y a plusieurs qui n&#8217;avancent pas en restant retardataires dans le chemin","datePublished":"2025-11-01T05:45:02+00:00","dateModified":"2025-10-30T19:21:10+00:00","mainEntityOfPage":{"@id":"https:\/\/www.iglesiamontededios.org.do\/deboras\/il-y-a-plusieurs-qui-navancent-pas-en-restant-retardataires-dans-le-chemin-6\/"},"wordCount":376,"commentCount":0,"publisher":{"@id":"https:\/\/www.iglesiamontededios.org.do\/deboras\/#organization"},"articleSection":["Devfrances"],"inLanguage":"es","potentialAction":[{"@type":"CommentAction","name":"Comment","target":["https:\/\/www.iglesiamontededios.org.do\/deboras\/il-y-a-plusieurs-qui-navancent-pas-en-restant-retardataires-dans-le-chemin-6\/#respond"]}]},{"@type":"WebPage","@id":"https:\/\/www.iglesiamontededios.org.do\/deboras\/il-y-a-plusieurs-qui-navancent-pas-en-restant-retardataires-dans-le-chemin-6\/","url":"https:\/\/www.iglesiamontededios.org.do\/deboras\/il-y-a-plusieurs-qui-navancent-pas-en-restant-retardataires-dans-le-chemin-6\/","name":"Il y a plusieurs qui n'avancent pas en restant retardataires dans le chemin - D\u00e9boras Edificadoras del Reino","isPartOf":{"@id":"https:\/\/www.iglesiamontededios.org.do\/deboras\/#website"},"datePublished":"2025-11-01T05:45:02+00:00","dateModified":"2025-10-30T19:21:10+00:00","breadcrumb":{"@id":"https:\/\/www.iglesiamontededios.org.do\/deboras\/il-y-a-plusieurs-qui-navancent-pas-en-restant-retardataires-dans-le-chemin-6\/#breadcrumb"},"inLanguage":"es","potentialAction":[{"@type":"ReadAction","target":["https:\/\/www.iglesiamontededios.org.do\/deboras\/il-y-a-plusieurs-qui-navancent-pas-en-restant-retardataires-dans-le-chemin-6\/"]}]},{"@type":"BreadcrumbList","@id":"https:\/\/www.iglesiamontededios.org.do\/deboras\/il-y-a-plusieurs-qui-navancent-pas-en-restant-retardataires-dans-le-chemin-6\/#breadcrumb","itemListElement":[{"@type":"ListItem","position":1,"name":"Portada","item":"https:\/\/www.iglesiamontededios.org.do\/deboras\/"},{"@type":"ListItem","position":2,"name":"Il y a plusieurs qui n&#8217;avancent pas en restant retardataires dans le chemin"}]},{"@type":"WebSite","@id":"https:\/\/www.iglesiamontededios.org.do\/deboras\/#website","url":"https:\/\/www.iglesiamontededios.org.do\/deboras\/","name":"D\u00e9boras Edificadoras del Reino","description":"D\u00e9boras Iglesia Monte de Dios","publisher":{"@id":"https:\/\/www.iglesiamontededios.org.do\/deboras\/#organization"},"potentialAction":[{"@type":"SearchAction","target":{"@type":"EntryPoint","urlTemplate":"https:\/\/www.iglesiamontededios.org.do\/deboras\/?s={search_term_string}"},"query-input":"required name=search_term_string"}],"inLanguage":"es"},{"@type":"Organization","@id":"https:\/\/www.iglesiamontededios.org.do\/deboras\/#organization","name":"Iglesia Monte de Dios","url":"https:\/\/www.iglesiamontededios.org.do\/deboras\/","logo":{"@type":"ImageObject","inLanguage":"es","@id":"https:\/\/www.iglesiamontededios.org.do\/deboras\/#\/schema\/logo\/image\/","url":"https:\/\/www.iglesiamontededios.org.do\/deboras\/wp-content\/uploads\/2018\/12\/Deboras-Logo-2.png","contentUrl":"https:\/\/www.iglesiamontededios.org.do\/deboras\/wp-content\/uploads\/2018\/12\/Deboras-Logo-2.png","width":620,"height":174,"caption":"Iglesia Monte de Dios"},"image":{"@id":"https:\/\/www.iglesiamontededios.org.do\/deboras\/#\/schema\/logo\/image\/"},"sameAs":["http:\/\/instagram.com\/pastoresbogaert","http:\/\/www.youtube.com\/tvhorebministries","https:\/\/www.facebook.com\/PastoresBogaert","https:\/\/twitter.com\/PastoresBogaert"]},{"@type":"Person","@id":"https:\/\/www.iglesiamontededios.org.do\/deboras\/#\/schema\/person\/22ec2d06354eeca1921596aeb4042ba7","name":"deboras_admin","image":{"@type":"ImageObject","inLanguage":"es","@id":"https:\/\/www.iglesiamontededios.org.do\/deboras\/#\/schema\/person\/image\/","url":"https:\/\/secure.gravatar.com\/avatar\/2022049b1efdbc6a5e2f532d15a889a2?s=96&d=mm&r=g","contentUrl":"https:\/\/secure.gravatar.com\/avatar\/2022049b1efdbc6a5e2f532d15a889a2?s=96&d=mm&r=g","caption":"deboras_admin"}}]}},"_links":{"self":[{"href":"https:\/\/www.iglesiamontededios.org.do\/deboras\/wp-json\/wp\/v2\/posts\/23994"}],"collection":[{"href":"https:\/\/www.iglesiamontededios.org.do\/deboras\/wp-json\/wp\/v2\/posts"}],"about":[{"href":"https:\/\/www.iglesiamontededios.org.do\/deboras\/wp-json\/wp\/v2\/types\/post"}],"author":[{"embeddable":true,"href":"https:\/\/www.iglesiamontededios.org.do\/deboras\/wp-json\/wp\/v2\/users\/1"}],"replies":[{"embeddable":true,"href":"https:\/\/www.iglesiamontededios.org.do\/deboras\/wp-json\/wp\/v2\/comments?post=23994"}],"version-history":[{"count":1,"href":"https:\/\/www.iglesiamontededios.org.do\/deboras\/wp-json\/wp\/v2\/posts\/23994\/revisions"}],"predecessor-version":[{"id":23995,"href":"https:\/\/www.iglesiamontededios.org.do\/deboras\/wp-json\/wp\/v2\/posts\/23994\/revisions\/23995"}],"wp:attachment":[{"href":"https:\/\/www.iglesiamontededios.org.do\/deboras\/wp-json\/wp\/v2\/media?parent=23994"}],"wp:term":[{"taxonomy":"category","embeddable":true,"href":"https:\/\/www.iglesiamontededios.org.do\/deboras\/wp-json\/wp\/v2\/categories?post=23994"},{"taxonomy":"post_tag","embeddable":true,"href":"https:\/\/www.iglesiamontededios.org.do\/deboras\/wp-json\/wp\/v2\/tags?post=23994"}],"curies":[{"name":"wp","href":"https:\/\/api.w.org\/{rel}","templated":true}]}}