{"id":24013,"date":"2025-10-27T05:45:49","date_gmt":"2025-10-27T05:45:49","guid":{"rendered":"https:\/\/www.iglesiamontededios.org.do\/deboras\/?p=24013"},"modified":"2025-10-30T19:37:28","modified_gmt":"2025-10-30T19:37:28","slug":"el-esta-esperando-que-la-palabra-se-active-y-seamos-portadores-de-su-poder-7","status":"publish","type":"post","link":"https:\/\/www.iglesiamontededios.org.do\/deboras\/el-esta-esperando-que-la-palabra-se-active-y-seamos-portadores-de-su-poder-7\/","title":{"rendered":"\u00c9l est\u00e1 esperando que la palabra se active y seamos portadores de Su poder"},"content":{"rendered":"<p>[vc_row][vc_column width=\u00bb2\/3&#8243;][vc_column_text]<strong><img loading=\"lazy\" class=\"alignnone wp-image-9073\" src=\"https:\/\/www.iglesiamontededios.org.do\/deboras\/wp-content\/uploads\/2018\/10\/arte-de-Devocional-espan\u0303ol-300x107.png\" alt=\"\" width=\"547\" height=\"195\" srcset=\"https:\/\/www.iglesiamontededios.org.do\/deboras\/wp-content\/uploads\/2018\/10\/arte-de-Devocional-espan\u0303ol-300x107.png 300w, https:\/\/www.iglesiamontededios.org.do\/deboras\/wp-content\/uploads\/2018\/10\/arte-de-Devocional-espan\u0303ol-768x273.png 768w, https:\/\/www.iglesiamontededios.org.do\/deboras\/wp-content\/uploads\/2018\/10\/arte-de-Devocional-espan\u0303ol-1024x364.png 1024w\" sizes=\"(max-width: 547px) 100vw, 547px\" \/><\/strong><\/p>\n<p><strong>Porque el reino de Dios no es cuesti\u00f3n de palabras, sino de poder. 1 Corintios 4: 20<\/strong><\/p>\n<p>\u00bfCu\u00e1ntos predican de Cristo? \u00bfCu\u00e1ntos muestran Su poder? Estamos acostumbrados a o\u00edr sermones, pero no a ver el poder manifestado por Jes\u00fas, el cual \u00c9l sigue manifestando para aquellos que creen.<\/p>\n<p>La Iglesia est\u00e1 llena de personas que han castrado el poder, no creyendo que Jes\u00fas sana y libera, sino que ese poder no es para este tiempo. Hay un pueblo que est\u00e1 creyendo en esa mentira, olvid\u00e1ndose de Su Palabra. Porque escrito est\u00e1 que \u201cMayores cosas har\u00e1n en mi Nombre\u201d. \u00c9l est\u00e1 esperando que la palabra se active y seamos portadores de Su poder sin ponerle l\u00edmites, dejando que act\u00fae conforme a Su voluntad.<\/p>\n<p>Demos libertad al Esp\u00edritu Santo, dejando que haga lo que est\u00e1 acostumbrado a hacer: testificar del poder que fue entregado a la Iglesia de Cristo, a fin de que los que no creen, crean. Rompamos los paradigmas a los que piensan que no existe, demostr\u00e1ndoles que \u00c9l es el mismo de hoy, ma\u00f1ana y siempre.<\/p>\n<p>[\/vc_column_text][vc_empty_space height=\u00bb52px\u00bb][vc_row_inner][vc_column_inner width=\u00bb1\/2&#8243;][vc_single_image image=\u00bb9147&#8243; img_size=\u00bbmedium\u00bb onclick=\u00bbcustom_link\u00bb img_link_target=\u00bb_blank\u00bb link=\u00bbhttps:\/\/www.iglesiamontededios.org.do\/deboras\/devotion-quotidienne\/\u00bb][\/vc_column_inner][vc_column_inner width=\u00bb1\/2&#8243;][vc_single_image image=\u00bb9145&#8243; img_size=\u00bbmedium\u00bb onclick=\u00bbcustom_link\u00bb img_link_target=\u00bb_blank\u00bb link=\u00bbhttps:\/\/www.iglesiamontededios.org.do\/deboras\/daily-devotionals\/ \u00ab][\/vc_column_inner][\/vc_row_inner][\/vc_column][vc_column width=\u00bb1\/3&#8243;][vc_widget_sidebar sidebar_id=\u00bbside_spa\u00bb][\/vc_column][\/vc_row]<\/p>\n","protected":false},"excerpt":{"rendered":"<p>[vc_row][vc_column width=\u00bb2\/3&#8243;][vc_column_text] Porque el reino de Dios no es cuesti\u00f3n de palabras, sino de poder. 1 Corintios 4: 20 \u00bfCu\u00e1ntos predican de Cristo? \u00bfCu\u00e1ntos muestran Su poder? Estamos acostumbrados a o\u00edr sermones, pero no a ver el poder manifestado por [&hellip;]<\/p>\n","protected":false},"author":1,"featured_media":0,"comment_status":"open","ping_status":"open","sticky":false,"template":"","format":"standard","meta":[],"categories":[309],"tags":[],"yoast_head":"<!-- This site is optimized with the Yoast SEO plugin v19.11 - https:\/\/yoast.com\/wordpress\/plugins\/seo\/ -->\n<title>\u00c9l est\u00e1 esperando que la palabra se active y seamos portadores de Su poder - D\u00e9boras Edificadoras del Reino<\/title>\n<meta name=\"robots\" content=\"index, follow, max-snippet:-1, max-image-preview:large, max-video-preview:-1\" \/>\n<link rel=\"canonical\" href=\"https:\/\/www.iglesiamontededios.org.do\/deboras\/el-esta-esperando-que-la-palabra-se-active-y-seamos-portadores-de-su-poder-7\/\" \/>\n<meta property=\"og:locale\" content=\"es_ES\" \/>\n<meta property=\"og:type\" content=\"article\" \/>\n<meta property=\"og:title\" content=\"\u00c9l est\u00e1 esperando que la palabra se active y seamos portadores de Su poder - D\u00e9boras Edificadoras del Reino\" \/>\n<meta property=\"og:description\" content=\"[vc_row][vc_column width=\u00bb2\/3&#8243;][vc_column_text] Porque el reino de Dios no es cuesti\u00f3n de palabras, sino de poder. 1 Corintios 4: 20 \u00bfCu\u00e1ntos predican de Cristo? \u00bfCu\u00e1ntos muestran Su poder? Estamos acostumbrados a o\u00edr sermones, pero no a ver el poder manifestado por [&hellip;]\" \/>\n<meta property=\"og:url\" content=\"https:\/\/www.iglesiamontededios.org.do\/deboras\/el-esta-esperando-que-la-palabra-se-active-y-seamos-portadores-de-su-poder-7\/\" \/>\n<meta property=\"og:site_name\" content=\"D\u00e9boras Edificadoras del Reino\" \/>\n<meta property=\"article:publisher\" content=\"https:\/\/www.facebook.com\/PastoresBogaert\" \/>\n<meta property=\"article:published_time\" content=\"2025-10-27T05:45:49+00:00\" \/>\n<meta property=\"article:modified_time\" content=\"2025-10-30T19:37:28+00:00\" \/>\n<meta name=\"author\" content=\"deboras_admin\" \/>\n<meta name=\"twitter:card\" content=\"summary_large_image\" \/>\n<meta name=\"twitter:creator\" content=\"@PastoresBogaert\" \/>\n<meta name=\"twitter:site\" content=\"@PastoresBogaert\" \/>\n<meta name=\"twitter:label1\" content=\"Escrito por\" \/>\n\t<meta name=\"twitter:data1\" content=\"deboras_admin\" \/>\n<script type=\"application\/ld+json\" class=\"yoast-schema-graph\">{\"@context\":\"https:\/\/schema.org\",\"@graph\":[{\"@type\":\"Article\",\"@id\":\"https:\/\/www.iglesiamontededios.org.do\/deboras\/el-esta-esperando-que-la-palabra-se-active-y-seamos-portadores-de-su-poder-7\/#article\",\"isPartOf\":{\"@id\":\"https:\/\/www.iglesiamontededios.org.do\/deboras\/el-esta-esperando-que-la-palabra-se-active-y-seamos-portadores-de-su-poder-7\/\"},\"author\":{\"name\":\"deboras_admin\",\"@id\":\"https:\/\/www.iglesiamontededios.org.do\/deboras\/#\/schema\/person\/22ec2d06354eeca1921596aeb4042ba7\"},\"headline\":\"\u00c9l est\u00e1 esperando que la palabra se active y seamos portadores de Su poder\",\"datePublished\":\"2025-10-27T05:45:49+00:00\",\"dateModified\":\"2025-10-30T19:37:28+00:00\",\"mainEntityOfPage\":{\"@id\":\"https:\/\/www.iglesiamontededios.org.do\/deboras\/el-esta-esperando-que-la-palabra-se-active-y-seamos-portadores-de-su-poder-7\/\"},\"wordCount\":297,\"commentCount\":0,\"publisher\":{\"@id\":\"https:\/\/www.iglesiamontededios.org.do\/deboras\/#organization\"},\"articleSection\":[\"Devocionales\"],\"inLanguage\":\"es\",\"potentialAction\":[{\"@type\":\"CommentAction\",\"name\":\"Comment\",\"target\":[\"https:\/\/www.iglesiamontededios.org.do\/deboras\/el-esta-esperando-que-la-palabra-se-active-y-seamos-portadores-de-su-poder-7\/#respond\"]}]},{\"@type\":\"WebPage\",\"@id\":\"https:\/\/www.iglesiamontededios.org.do\/deboras\/el-esta-esperando-que-la-palabra-se-active-y-seamos-portadores-de-su-poder-7\/\",\"url\":\"https:\/\/www.iglesiamontededios.org.do\/deboras\/el-esta-esperando-que-la-palabra-se-active-y-seamos-portadores-de-su-poder-7\/\",\"name\":\"\u00c9l est\u00e1 esperando que la palabra se active y seamos portadores de Su poder - D\u00e9boras Edificadoras del Reino\",\"isPartOf\":{\"@id\":\"https:\/\/www.iglesiamontededios.org.do\/deboras\/#website\"},\"datePublished\":\"2025-10-27T05:45:49+00:00\",\"dateModified\":\"2025-10-30T19:37:28+00:00\",\"breadcrumb\":{\"@id\":\"https:\/\/www.iglesiamontededios.org.do\/deboras\/el-esta-esperando-que-la-palabra-se-active-y-seamos-portadores-de-su-poder-7\/#breadcrumb\"},\"inLanguage\":\"es\",\"potentialAction\":[{\"@type\":\"ReadAction\",\"target\":[\"https:\/\/www.iglesiamontededios.org.do\/deboras\/el-esta-esperando-que-la-palabra-se-active-y-seamos-portadores-de-su-poder-7\/\"]}]},{\"@type\":\"BreadcrumbList\",\"@id\":\"https:\/\/www.iglesiamontededios.org.do\/deboras\/el-esta-esperando-que-la-palabra-se-active-y-seamos-portadores-de-su-poder-7\/#breadcrumb\",\"itemListElement\":[{\"@type\":\"ListItem\",\"position\":1,\"name\":\"Portada\",\"item\":\"https:\/\/www.iglesiamontededios.org.do\/deboras\/\"},{\"@type\":\"ListItem\",\"position\":2,\"name\":\"\u00c9l est\u00e1 esperando que la palabra se active y seamos portadores de Su poder\"}]},{\"@type\":\"WebSite\",\"@id\":\"https:\/\/www.iglesiamontededios.org.do\/deboras\/#website\",\"url\":\"https:\/\/www.iglesiamontededios.org.do\/deboras\/\",\"name\":\"D\u00e9boras Edificadoras del Reino\",\"description\":\"D\u00e9boras Iglesia Monte de Dios\",\"publisher\":{\"@id\":\"https:\/\/www.iglesiamontededios.org.do\/deboras\/#organization\"},\"potentialAction\":[{\"@type\":\"SearchAction\",\"target\":{\"@type\":\"EntryPoint\",\"urlTemplate\":\"https:\/\/www.iglesiamontededios.org.do\/deboras\/?s={search_term_string}\"},\"query-input\":\"required name=search_term_string\"}],\"inLanguage\":\"es\"},{\"@type\":\"Organization\",\"@id\":\"https:\/\/www.iglesiamontededios.org.do\/deboras\/#organization\",\"name\":\"Iglesia Monte de Dios\",\"url\":\"https:\/\/www.iglesiamontededios.org.do\/deboras\/\",\"logo\":{\"@type\":\"ImageObject\",\"inLanguage\":\"es\",\"@id\":\"https:\/\/www.iglesiamontededios.org.do\/deboras\/#\/schema\/logo\/image\/\",\"url\":\"https:\/\/www.iglesiamontededios.org.do\/deboras\/wp-content\/uploads\/2018\/12\/Deboras-Logo-2.png\",\"contentUrl\":\"https:\/\/www.iglesiamontededios.org.do\/deboras\/wp-content\/uploads\/2018\/12\/Deboras-Logo-2.png\",\"width\":620,\"height\":174,\"caption\":\"Iglesia Monte de Dios\"},\"image\":{\"@id\":\"https:\/\/www.iglesiamontededios.org.do\/deboras\/#\/schema\/logo\/image\/\"},\"sameAs\":[\"http:\/\/instagram.com\/pastoresbogaert\",\"http:\/\/www.youtube.com\/tvhorebministries\",\"https:\/\/www.facebook.com\/PastoresBogaert\",\"https:\/\/twitter.com\/PastoresBogaert\"]},{\"@type\":\"Person\",\"@id\":\"https:\/\/www.iglesiamontededios.org.do\/deboras\/#\/schema\/person\/22ec2d06354eeca1921596aeb4042ba7\",\"name\":\"deboras_admin\",\"image\":{\"@type\":\"ImageObject\",\"inLanguage\":\"es\",\"@id\":\"https:\/\/www.iglesiamontededios.org.do\/deboras\/#\/schema\/person\/image\/\",\"url\":\"https:\/\/secure.gravatar.com\/avatar\/2022049b1efdbc6a5e2f532d15a889a2?s=96&d=mm&r=g\",\"contentUrl\":\"https:\/\/secure.gravatar.com\/avatar\/2022049b1efdbc6a5e2f532d15a889a2?s=96&d=mm&r=g\",\"caption\":\"deboras_admin\"}}]}<\/script>\n<!-- \/ Yoast SEO plugin. -->","yoast_head_json":{"title":"\u00c9l est\u00e1 esperando que la palabra se active y seamos portadores de Su poder - D\u00e9boras Edificadoras del Reino","robots":{"index":"index","follow":"follow","max-snippet":"max-snippet:-1","max-image-preview":"max-image-preview:large","max-video-preview":"max-video-preview:-1"},"canonical":"https:\/\/www.iglesiamontededios.org.do\/deboras\/el-esta-esperando-que-la-palabra-se-active-y-seamos-portadores-de-su-poder-7\/","og_locale":"es_ES","og_type":"article","og_title":"\u00c9l est\u00e1 esperando que la palabra se active y seamos portadores de Su poder - D\u00e9boras Edificadoras del Reino","og_description":"[vc_row][vc_column width=\u00bb2\/3&#8243;][vc_column_text] Porque el reino de Dios no es cuesti\u00f3n de palabras, sino de poder. 1 Corintios 4: 20 \u00bfCu\u00e1ntos predican de Cristo? \u00bfCu\u00e1ntos muestran Su poder? Estamos acostumbrados a o\u00edr sermones, pero no a ver el poder manifestado por [&hellip;]","og_url":"https:\/\/www.iglesiamontededios.org.do\/deboras\/el-esta-esperando-que-la-palabra-se-active-y-seamos-portadores-de-su-poder-7\/","og_site_name":"D\u00e9boras Edificadoras del Reino","article_publisher":"https:\/\/www.facebook.com\/PastoresBogaert","article_published_time":"2025-10-27T05:45:49+00:00","article_modified_time":"2025-10-30T19:37:28+00:00","author":"deboras_admin","twitter_card":"summary_large_image","twitter_creator":"@PastoresBogaert","twitter_site":"@PastoresBogaert","twitter_misc":{"Escrito por":"deboras_admin"},"schema":{"@context":"https:\/\/schema.org","@graph":[{"@type":"Article","@id":"https:\/\/www.iglesiamontededios.org.do\/deboras\/el-esta-esperando-que-la-palabra-se-active-y-seamos-portadores-de-su-poder-7\/#article","isPartOf":{"@id":"https:\/\/www.iglesiamontededios.org.do\/deboras\/el-esta-esperando-que-la-palabra-se-active-y-seamos-portadores-de-su-poder-7\/"},"author":{"name":"deboras_admin","@id":"https:\/\/www.iglesiamontededios.org.do\/deboras\/#\/schema\/person\/22ec2d06354eeca1921596aeb4042ba7"},"headline":"\u00c9l est\u00e1 esperando que la palabra se active y seamos portadores de Su poder","datePublished":"2025-10-27T05:45:49+00:00","dateModified":"2025-10-30T19:37:28+00:00","mainEntityOfPage":{"@id":"https:\/\/www.iglesiamontededios.org.do\/deboras\/el-esta-esperando-que-la-palabra-se-active-y-seamos-portadores-de-su-poder-7\/"},"wordCount":297,"commentCount":0,"publisher":{"@id":"https:\/\/www.iglesiamontededios.org.do\/deboras\/#organization"},"articleSection":["Devocionales"],"inLanguage":"es","potentialAction":[{"@type":"CommentAction","name":"Comment","target":["https:\/\/www.iglesiamontededios.org.do\/deboras\/el-esta-esperando-que-la-palabra-se-active-y-seamos-portadores-de-su-poder-7\/#respond"]}]},{"@type":"WebPage","@id":"https:\/\/www.iglesiamontededios.org.do\/deboras\/el-esta-esperando-que-la-palabra-se-active-y-seamos-portadores-de-su-poder-7\/","url":"https:\/\/www.iglesiamontededios.org.do\/deboras\/el-esta-esperando-que-la-palabra-se-active-y-seamos-portadores-de-su-poder-7\/","name":"\u00c9l est\u00e1 esperando que la palabra se active y seamos portadores de Su poder - D\u00e9boras Edificadoras del Reino","isPartOf":{"@id":"https:\/\/www.iglesiamontededios.org.do\/deboras\/#website"},"datePublished":"2025-10-27T05:45:49+00:00","dateModified":"2025-10-30T19:37:28+00:00","breadcrumb":{"@id":"https:\/\/www.iglesiamontededios.org.do\/deboras\/el-esta-esperando-que-la-palabra-se-active-y-seamos-portadores-de-su-poder-7\/#breadcrumb"},"inLanguage":"es","potentialAction":[{"@type":"ReadAction","target":["https:\/\/www.iglesiamontededios.org.do\/deboras\/el-esta-esperando-que-la-palabra-se-active-y-seamos-portadores-de-su-poder-7\/"]}]},{"@type":"BreadcrumbList","@id":"https:\/\/www.iglesiamontededios.org.do\/deboras\/el-esta-esperando-que-la-palabra-se-active-y-seamos-portadores-de-su-poder-7\/#breadcrumb","itemListElement":[{"@type":"ListItem","position":1,"name":"Portada","item":"https:\/\/www.iglesiamontededios.org.do\/deboras\/"},{"@type":"ListItem","position":2,"name":"\u00c9l est\u00e1 esperando que la palabra se active y seamos portadores de Su poder"}]},{"@type":"WebSite","@id":"https:\/\/www.iglesiamontededios.org.do\/deboras\/#website","url":"https:\/\/www.iglesiamontededios.org.do\/deboras\/","name":"D\u00e9boras Edificadoras del Reino","description":"D\u00e9boras Iglesia Monte de Dios","publisher":{"@id":"https:\/\/www.iglesiamontededios.org.do\/deboras\/#organization"},"potentialAction":[{"@type":"SearchAction","target":{"@type":"EntryPoint","urlTemplate":"https:\/\/www.iglesiamontededios.org.do\/deboras\/?s={search_term_string}"},"query-input":"required name=search_term_string"}],"inLanguage":"es"},{"@type":"Organization","@id":"https:\/\/www.iglesiamontededios.org.do\/deboras\/#organization","name":"Iglesia Monte de Dios","url":"https:\/\/www.iglesiamontededios.org.do\/deboras\/","logo":{"@type":"ImageObject","inLanguage":"es","@id":"https:\/\/www.iglesiamontededios.org.do\/deboras\/#\/schema\/logo\/image\/","url":"https:\/\/www.iglesiamontededios.org.do\/deboras\/wp-content\/uploads\/2018\/12\/Deboras-Logo-2.png","contentUrl":"https:\/\/www.iglesiamontededios.org.do\/deboras\/wp-content\/uploads\/2018\/12\/Deboras-Logo-2.png","width":620,"height":174,"caption":"Iglesia Monte de Dios"},"image":{"@id":"https:\/\/www.iglesiamontededios.org.do\/deboras\/#\/schema\/logo\/image\/"},"sameAs":["http:\/\/instagram.com\/pastoresbogaert","http:\/\/www.youtube.com\/tvhorebministries","https:\/\/www.facebook.com\/PastoresBogaert","https:\/\/twitter.com\/PastoresBogaert"]},{"@type":"Person","@id":"https:\/\/www.iglesiamontededios.org.do\/deboras\/#\/schema\/person\/22ec2d06354eeca1921596aeb4042ba7","name":"deboras_admin","image":{"@type":"ImageObject","inLanguage":"es","@id":"https:\/\/www.iglesiamontededios.org.do\/deboras\/#\/schema\/person\/image\/","url":"https:\/\/secure.gravatar.com\/avatar\/2022049b1efdbc6a5e2f532d15a889a2?s=96&d=mm&r=g","contentUrl":"https:\/\/secure.gravatar.com\/avatar\/2022049b1efdbc6a5e2f532d15a889a2?s=96&d=mm&r=g","caption":"deboras_admin"}}]}},"_links":{"self":[{"href":"https:\/\/www.iglesiamontededios.org.do\/deboras\/wp-json\/wp\/v2\/posts\/24013"}],"collection":[{"href":"https:\/\/www.iglesiamontededios.org.do\/deboras\/wp-json\/wp\/v2\/posts"}],"about":[{"href":"https:\/\/www.iglesiamontededios.org.do\/deboras\/wp-json\/wp\/v2\/types\/post"}],"author":[{"embeddable":true,"href":"https:\/\/www.iglesiamontededios.org.do\/deboras\/wp-json\/wp\/v2\/users\/1"}],"replies":[{"embeddable":true,"href":"https:\/\/www.iglesiamontededios.org.do\/deboras\/wp-json\/wp\/v2\/comments?post=24013"}],"version-history":[{"count":1,"href":"https:\/\/www.iglesiamontededios.org.do\/deboras\/wp-json\/wp\/v2\/posts\/24013\/revisions"}],"predecessor-version":[{"id":24015,"href":"https:\/\/www.iglesiamontededios.org.do\/deboras\/wp-json\/wp\/v2\/posts\/24013\/revisions\/24015"}],"wp:attachment":[{"href":"https:\/\/www.iglesiamontededios.org.do\/deboras\/wp-json\/wp\/v2\/media?parent=24013"}],"wp:term":[{"taxonomy":"category","embeddable":true,"href":"https:\/\/www.iglesiamontededios.org.do\/deboras\/wp-json\/wp\/v2\/categories?post=24013"},{"taxonomy":"post_tag","embeddable":true,"href":"https:\/\/www.iglesiamontededios.org.do\/deboras\/wp-json\/wp\/v2\/tags?post=24013"}],"curies":[{"name":"wp","href":"https:\/\/api.w.org\/{rel}","templated":true}]}}